{"id":12162,"date":"2019-07-23T00:00:00","date_gmt":"2019-07-22T22:00:00","guid":{"rendered":"https:\/\/www.medoucine.com\/blog\/rechargez-vos-batteries-par-les-bains-de-foret-les-bienfaits-de-la-sylvotherapie\/"},"modified":"2026-04-08T19:09:07","modified_gmt":"2026-04-08T17:09:07","slug":"rechargez-vos-batteries-par-les-bains-de-foret-les-bienfaits-de-la-sylvotherapie","status":"publish","type":"post","link":"https:\/\/www.medoucine.com\/blog\/rechargez-vos-batteries-par-les-bains-de-foret-les-bienfaits-de-la-sylvotherapie\/","title":{"rendered":"Rechargez vos batteries par les \u00ab\u00a0bains de for\u00eat\u00a0\u00bb"},"content":{"rendered":"<p>D\u00e9couvrez les bienfaits de la sylvoth\u00e9rapie, par Emmanuelle Guilbaudeau, <a href=\"https:\/\/www.medoucine.com\/consultations\/se-soigner\/aromatherapie\/paris\/tous-publics\/a-domicile-ou-cabinet\">aromath\u00e9rapeute<\/a> et <a href=\"https:\/\/www.medoucine.com\/consultations\/se-soigner\/phytotherapie\/paris\/tous-publics\/a-domicile-ou-cabinet\">phytoth\u00e9rapeute<\/a> recommand\u00e9e du r\u00e9seau M\u00e9doucine.<\/p>\n<p>Le ressourcement en pleine nature est test\u00e9e par l&rsquo;\u00eatre humain, depuis la nuit des temps. C&rsquo;\u00e9tait dans cet environnement naturel qu&rsquo;il chassait, cueillait, se d\u00e9pla\u00e7ait, et trouvait refuge contre les dangers. L&rsquo;homme moderne, urbanis\u00e9 n&rsquo;a plus besoin de la nature directement pour assurer ses besoins vitaux. Il fait ses courses au supermarch\u00e9, sans se poser de question sur la provenance de sa nourriture. Il se d\u00e9place en transport en commun, en voiture, sans conscience de la m\u00e9t\u00e9o, et des variations climatiques ext\u00e9rieures. Il s&rsquo;enferme dans un bureau, sous les n\u00e9ons, et sort le soir en hiver, dans l&rsquo;obscurit\u00e9. Il va se d\u00e9fouler dans une salle de sport, dans les odeurs de transpiration.<\/p>\n<p>Ce portrait caricatural, nous montre \u00e0 quel point nous nous sommes \u00e9loign\u00e9s de nos besoins fondamentaux. Pour soigner les tuberculoses, pour soulager les douleurs articulaires, les m\u00e9decins prescrivaient des cures en montagne, loin des pollutions sonores, visuelles et olfactives.<\/p>\n<p>Les sanatorium faisaient des miracles pour les maladies pulmonaires bien avanc\u00e9es. Ils pouvaient compter sur la collaboration du cadre naturel environnemental : montagne, rivi\u00e8re, air sain, for\u00eat, plantes. <strong>Ce sont les vecteurs de ions n\u00e9gatifs n\u00e9cessaires \u00e0 \u00e9quilibrer notre surcharge de ions positifs cr\u00e9es par les villes.<\/strong><\/p>\n<p>La for\u00eat, les espaces naturels semi sauvages, constituent des<strong> SAS d&rsquo;oxyg\u00e8nes<\/strong>, de d\u00e9tente, de vitalit\u00e9, de ressourcement indispensables \u00e0 notre \u00e9quilibre. C&rsquo;est la raison pour laquelle les cong\u00e9s pay\u00e9s se passent en bord de mer, \u00e0 la campagne ou \u00e0 la montagne.<\/p>\n<p>Mais faut il attendre ces repos l\u00e9gaux pour profiter de la nature ? La r\u00e9ponse est NON ! Il faut inscrire les balades en for\u00eat, dans les parcs, comme devoirs essentiels pour notre survie. Enfant, il vous est peut \u00eatre arriv\u00e9 de pester contre l&rsquo;automatisme des balades du dimanche avec les parents. N\u00e9anmoins ces rituels ont ancr\u00e9 et raviv\u00e9 en vous, ce souvenir ancestral de la marche, de la cueillette dans les bois.<\/p>\n<p>Le docteur QING LI a bien compris cela en \u00e9tudiant le bien-\u00eatre \u00e9motionnel et physiologique de ses patients, avec et sans la nature.<br \/>\nSa conclusion est sans appel : le<strong>s balades en pleine nature sont n\u00e9cessaires \u00e0 l&rsquo;\u00eatre humain.<\/strong><\/p>\n<p>Elles permettent de :<\/p>\n<ol>\n<li>Renforcer le syst\u00e8me immunitaire<\/li>\n<li>Donner de l&rsquo;\u00e9nergie, et am\u00e9liorer l&rsquo;humeur<\/li>\n<li>Diminuer l&rsquo;anxi\u00e9t\u00e9, la d\u00e9pression et la col\u00e8re<\/li>\n<li>R\u00e9duire le stress et favoriser la d\u00e9tente<\/li>\n<\/ol>\n<p>Il a donc institu\u00e9 une m\u00e9thode de mesure de l&rsquo;\u00e9quilibre \u00e9motionnel avant et apr\u00e8s la balade. <strong>L&rsquo;id\u00e9e est de vivre l&rsquo;instant pr\u00e9sent, seul ou en groupe, dans un environnement naturel.<\/strong> D&rsquo;appr\u00e9cier chaque instant, chaque respiration, chaque couleur, chaque son, chaque odeur. De partir \u00e0 la d\u00e9couverte sensorielle des arbres, des v\u00e9g\u00e9taux, et de soi. Le silence, la marche pieds nus, les temps de m\u00e9ditation guid\u00e9e favorisent davantage le l\u00e2cher prise, et l&rsquo;ancrage.<\/p>\n<p>En 2h de balade, <strong>vous ressentez une pl\u00e9nitude, une satisfaction.<\/strong> Vous oubliez les dangers de la vie, les conflits, les tensions. Vous respirez, et vous plantez vos racines profond\u00e9ment en terre, le regard riv\u00e9 vers les cimes des arbres. Vous \u00eates tout simplement, dans l&rsquo;instant pr\u00e9sent. Vous rechargez vos batteries, vous augmentez votre vitalit\u00e9, et votre aptitude au bonheur. Votre cerveau enregistre cette exp\u00e9rience positive et commandent aux glandes endocrines, de s\u00e9cr\u00e9ter et de diffuser la DOSE (dopamine, ocytocine, s\u00e9rotonine, endorphine).<\/p>\n<p>Le stress, avec son paquet de cortisol, et d&rsquo;inflammation n&rsquo;a plus qu&rsquo;\u00e0 laisser la place.<\/p>\n<p>Alors n&rsquo;attendez pas la retraite pour vous y mettre. Profitez de votre dimanche pour vous balader en famille ou seul, montez sur votre v\u00e9lo ou votre trottinette pour aller travailler, arr\u00eatez vous un arr\u00eat plus t\u00f4t, et longez les bords de seine pour rentrer chez vous. Perdez du temps \u00e0 marcher, \u00e0 vous \u00e9merveiller, et vous deviendrez encore plus efficaces !<\/p>\n<p>Par Emmanuelle Guilbaudeau,<a href=\"https:\/\/www.medoucine.com\/pratiques\/aromatherapie\"> aromath\u00e9rapeute<\/a> et <a href=\"https:\/\/www.medoucine.com\/pratiques\/phytotherapie\">phytoth\u00e9rapeute recommand\u00e9e du r\u00e9seau M\u00e9doucine.<\/a><\/p>\n<div class=\"m-spin\">\n<p class=\"m-spin__text\"><strong>Respirez, la nature vous soigne !<\/strong><\/p>\n<p class=\"m-spin__text\">Le \u00ab\u00a0Shinrin-Yoku\u00a0\u00bb, ou bain de for\u00eat, est une pratique japonaise reconnue pour ses bienfaits sur le stress et l&rsquo;immunit\u00e9. Pour compl\u00e9ter cette exp\u00e9rience, consultez un <a class=\"m-spin__link\" target=\"_blank\" rel=\"noopener noreferrer\" href=\"https:\/\/www.medoucine.com\/consultations\/se-soigner\/aromatherapie\/montpellier\/tous-publics\/a-domicile-ou-cabinet?utm_source=medoucine_blog_B2C&amp;utm_medium=article_blog&amp;utm_campaign=spin_seo\">Aromath\u00e9rapeute \u00e0 Montpellier<\/a>, un <a class=\"m-spin__link\" target=\"_blank\" rel=\"noopener noreferrer\" href=\"https:\/\/www.medoucine.com\/consultations\/se-soigner\/aromatherapie\/rennes\/tous-publics\/a-domicile-ou-cabinet?utm_source=medoucine_blog_B2C&amp;utm_medium=article_blog&amp;utm_campaign=spin_seo\">Aromath\u00e9rapeute \u00e0 Rennes<\/a> ou un <a class=\"m-spin__link\" target=\"_blank\" rel=\"noopener noreferrer\" href=\"https:\/\/www.medoucine.com\/consultations\/se-soigner\/aromatherapie\/strasbourg\/tous-publics\/a-domicile-ou-cabinet?utm_source=medoucine_blog_B2C&amp;utm_medium=article_blog&amp;utm_campaign=spin_seo\">Aromath\u00e9rapeute \u00e0 Strasbourg<\/a> pour une approche personnalis\u00e9e.<\/p>\n<p class=\"m-spin__text\">Besoin d&rsquo;un accompagnement plus proche de vous ? Trouvez des <a class=\"m-spin__link\" target=\"_blank\" rel=\"noopener noreferrer\" href=\"https:\/\/www.medoucine.com\/consultations\/se-soigner\/aromatherapie\/autour-de-moi?utm_source=medoucine_blog_B2C&amp;utm_medium=article_blog&amp;utm_campaign=spin_seo\">Aromath\u00e9rapeutes pr\u00e8s de chez vous<\/a> et reconnectez-vous \u00e0 votre bien-\u00eatre naturellement.<\/p>\n<\/div>\n","protected":false},"excerpt":{"rendered":"<p>La for\u00eat, les espaces naturels semi sauvages, constituent des SAS d&rsquo;oxyg\u00e8nes, de d\u00e9tente, de vitalit\u00e9, de ressourcement indispensables \u00e0 notre \u00e9quilibre. C&rsquo;est la raison pour laquelle les cong\u00e9s pay\u00e9s se passent en bord de mer, \u00e0 la campagne ou \u00e0 la montagne.<\/p>\n","protected":false},"author":66,"featured_media":825,"comment_status":"open","ping_status":"open","sticky":false,"template":"","format":"standard","meta":{"_acf_changed":false,"footnotes":""},"categories":[114,113,106],"tags":[315],"class_list":["post-12162","post","type-post","status-publish","format-standard","has-post-thumbnail","hentry","category-activite-physique","category-beaute-bien-etre","category-sante","tag-plantes"],"acf":[],"yoast_head":"<!-- This site is optimized with the Yoast SEO plugin v27.1.1 - https:\/\/yoast.com\/product\/yoast-seo-wordpress\/ -->\n<title>Rechargez vos batteries par les &quot;bains de for\u00eat&quot; ~ Blog de Medoucine<\/title>\n<meta name=\"description\" content=\"La for\u00eat, les espaces naturels semi sauvages, constituent des SAS d&#039;oxyg\u00e8nes, de d\u00e9tente, de vitalit\u00e9, de ressourcement indispensables \u00e0 notre \u00e9quilibre. C&#039;est la raison pour laquelle les cong\u00e9s pay\u00e9s se passent en bord de mer, \u00e0 la campagne ou \u00e0 la montagne.\" \/>\n<meta name=\"robots\" content=\"index, follow, max-snippet:-1, max-image-preview:large, max-video-preview:-1\" \/>\n<link rel=\"canonical\" href=\"https:\/\/www.medoucine.com\/blog\/rechargez-vos-batteries-par-les-bains-de-foret-les-bienfaits-de-la-sylvotherapie\/\" \/>\n<meta property=\"og:locale\" content=\"fr_FR\" \/>\n<meta property=\"og:type\" content=\"article\" \/>\n<meta property=\"og:title\" content=\"Rechargez vos batteries par les &quot;bains de for\u00eat&quot; ~ Blog de Medoucine\" \/>\n<meta property=\"og:description\" content=\"La for\u00eat, les espaces naturels semi sauvages, constituent des SAS d&#039;oxyg\u00e8nes, de d\u00e9tente, de vitalit\u00e9, de ressourcement indispensables \u00e0 notre \u00e9quilibre. C&#039;est la raison pour laquelle les cong\u00e9s pay\u00e9s se passent en bord de mer, \u00e0 la campagne ou \u00e0 la montagne.\" \/>\n<meta property=\"og:url\" content=\"https:\/\/www.medoucine.com\/blog\/rechargez-vos-batteries-par-les-bains-de-foret-les-bienfaits-de-la-sylvotherapie\/\" \/>\n<meta property=\"og:site_name\" content=\"Blog de Medoucine\" \/>\n<meta property=\"article:publisher\" content=\"https:\/\/www.facebook.com\/medoucine\/\" \/>\n<meta property=\"article:published_time\" content=\"2019-07-22T22:00:00+00:00\" \/>\n<meta property=\"article:modified_time\" content=\"2026-04-08T17:09:07+00:00\" \/>\n<meta property=\"og:image\" content=\"https:\/\/www.medoucine.com\/blog\/wp-content\/uploads\/2019\/07\/photo-1533444692304-ddb7dfe6b602.jpeg\" \/>\n\t<meta property=\"og:image:width\" content=\"1080\" \/>\n\t<meta property=\"og:image:height\" content=\"810\" \/>\n\t<meta property=\"og:image:type\" content=\"image\/jpeg\" \/>\n<meta name=\"author\" content=\"Emmanuelle Guilbaudeau\" \/>\n<meta name=\"twitter:card\" content=\"summary_large_image\" \/>\n<meta name=\"twitter:creator\" content=\"@medoucinefr\" \/>\n<meta name=\"twitter:site\" content=\"@medoucinefr\" \/>\n<meta name=\"twitter:label1\" content=\"\u00c9crit par\" \/>\n\t<meta name=\"twitter:data1\" content=\"Emmanuelle Guilbaudeau\" \/>\n\t<meta name=\"twitter:label2\" content=\"Dur\u00e9e de lecture estim\u00e9e\" \/>\n\t<meta name=\"twitter:data2\" content=\"4 minutes\" \/>\n<script type=\"application\/ld+json\" class=\"yoast-schema-graph\">{\"@context\":\"https:\/\/schema.org\",\"@graph\":[{\"@type\":\"Article\",\"@id\":\"https:\/\/www.medoucine.com\/blog\/rechargez-vos-batteries-par-les-bains-de-foret-les-bienfaits-de-la-sylvotherapie\/#article\",\"isPartOf\":{\"@id\":\"https:\/\/www.medoucine.com\/blog\/rechargez-vos-batteries-par-les-bains-de-foret-les-bienfaits-de-la-sylvotherapie\/\"},\"author\":{\"name\":\"Emmanuelle Guilbaudeau\",\"@id\":\"https:\/\/www.medoucine.com\/blog\/#\/schema\/person\/18291ec8abc17b04b03dda5a236a6f17\"},\"headline\":\"Rechargez vos batteries par les \u00ab\u00a0bains de for\u00eat\u00a0\u00bb\",\"datePublished\":\"2019-07-22T22:00:00+00:00\",\"dateModified\":\"2026-04-08T17:09:07+00:00\",\"mainEntityOfPage\":{\"@id\":\"https:\/\/www.medoucine.com\/blog\/rechargez-vos-batteries-par-les-bains-de-foret-les-bienfaits-de-la-sylvotherapie\/\"},\"wordCount\":795,\"commentCount\":0,\"publisher\":{\"@id\":\"https:\/\/www.medoucine.com\/blog\/#organization\"},\"image\":{\"@id\":\"https:\/\/www.medoucine.com\/blog\/rechargez-vos-batteries-par-les-bains-de-foret-les-bienfaits-de-la-sylvotherapie\/#primaryimage\"},\"thumbnailUrl\":\"https:\/\/www.medoucine.com\/blog\/wp-content\/uploads\/2019\/07\/photo-1533444692304-ddb7dfe6b602.jpeg\",\"keywords\":[\"plantes\"],\"articleSection\":[\"Activit\u00e9 physique\",\"Beaut\u00e9 &amp; Bien-\u00eatre\",\"Sant\u00e9\"],\"inLanguage\":\"fr-FR\",\"potentialAction\":[{\"@type\":\"CommentAction\",\"name\":\"Comment\",\"target\":[\"https:\/\/www.medoucine.com\/blog\/rechargez-vos-batteries-par-les-bains-de-foret-les-bienfaits-de-la-sylvotherapie\/#respond\"]}]},{\"@type\":\"WebPage\",\"@id\":\"https:\/\/www.medoucine.com\/blog\/rechargez-vos-batteries-par-les-bains-de-foret-les-bienfaits-de-la-sylvotherapie\/\",\"url\":\"https:\/\/www.medoucine.com\/blog\/rechargez-vos-batteries-par-les-bains-de-foret-les-bienfaits-de-la-sylvotherapie\/\",\"name\":\"Rechargez vos batteries par les \\\"bains de for\u00eat\\\" ~ Blog de Medoucine\",\"isPartOf\":{\"@id\":\"https:\/\/www.medoucine.com\/blog\/#website\"},\"primaryImageOfPage\":{\"@id\":\"https:\/\/www.medoucine.com\/blog\/rechargez-vos-batteries-par-les-bains-de-foret-les-bienfaits-de-la-sylvotherapie\/#primaryimage\"},\"image\":{\"@id\":\"https:\/\/www.medoucine.com\/blog\/rechargez-vos-batteries-par-les-bains-de-foret-les-bienfaits-de-la-sylvotherapie\/#primaryimage\"},\"thumbnailUrl\":\"https:\/\/www.medoucine.com\/blog\/wp-content\/uploads\/2019\/07\/photo-1533444692304-ddb7dfe6b602.jpeg\",\"datePublished\":\"2019-07-22T22:00:00+00:00\",\"dateModified\":\"2026-04-08T17:09:07+00:00\",\"description\":\"La for\u00eat, les espaces naturels semi sauvages, constituent des SAS d'oxyg\u00e8nes, de d\u00e9tente, de vitalit\u00e9, de ressourcement indispensables \u00e0 notre \u00e9quilibre. C'est la raison pour laquelle les cong\u00e9s pay\u00e9s se passent en bord de mer, \u00e0 la campagne ou \u00e0 la montagne.\",\"breadcrumb\":{\"@id\":\"https:\/\/www.medoucine.com\/blog\/rechargez-vos-batteries-par-les-bains-de-foret-les-bienfaits-de-la-sylvotherapie\/#breadcrumb\"},\"inLanguage\":\"fr-FR\",\"potentialAction\":[{\"@type\":\"ReadAction\",\"target\":[\"https:\/\/www.medoucine.com\/blog\/rechargez-vos-batteries-par-les-bains-de-foret-les-bienfaits-de-la-sylvotherapie\/\"]}]},{\"@type\":\"ImageObject\",\"inLanguage\":\"fr-FR\",\"@id\":\"https:\/\/www.medoucine.com\/blog\/rechargez-vos-batteries-par-les-bains-de-foret-les-bienfaits-de-la-sylvotherapie\/#primaryimage\",\"url\":\"https:\/\/www.medoucine.com\/blog\/wp-content\/uploads\/2019\/07\/photo-1533444692304-ddb7dfe6b602.jpeg\",\"contentUrl\":\"https:\/\/www.medoucine.com\/blog\/wp-content\/uploads\/2019\/07\/photo-1533444692304-ddb7dfe6b602.jpeg\",\"width\":1080,\"height\":810,\"caption\":\"Rechargez vos batteries par les \\\"bains de for\u00eat\\\"\"},{\"@type\":\"BreadcrumbList\",\"@id\":\"https:\/\/www.medoucine.com\/blog\/rechargez-vos-batteries-par-les-bains-de-foret-les-bienfaits-de-la-sylvotherapie\/#breadcrumb\",\"itemListElement\":[{\"@type\":\"ListItem\",\"position\":1,\"name\":\"Blog Medoucine\",\"item\":\"https:\/\/www.medoucine.com\/blog\/\"},{\"@type\":\"ListItem\",\"position\":2,\"name\":\"Sant\u00e9\",\"item\":\"https:\/\/www.medoucine.com\/blog\/cat\/sante\/\"},{\"@type\":\"ListItem\",\"position\":3,\"name\":\"Activit\u00e9 physique\",\"item\":\"https:\/\/www.medoucine.com\/blog\/cat\/sante\/activite-physique\/\"},{\"@type\":\"ListItem\",\"position\":4,\"name\":\"Rechargez vos batteries par les \u00ab\u00a0bains de for\u00eat\u00a0\u00bb\"}]},{\"@type\":\"WebSite\",\"@id\":\"https:\/\/www.medoucine.com\/blog\/#website\",\"url\":\"https:\/\/www.medoucine.com\/blog\/\",\"name\":\"Blog de Medoucine\",\"description\":\"Le blog des m\u00e9decines douces\",\"publisher\":{\"@id\":\"https:\/\/www.medoucine.com\/blog\/#organization\"},\"potentialAction\":[{\"@type\":\"SearchAction\",\"target\":{\"@type\":\"EntryPoint\",\"urlTemplate\":\"https:\/\/www.medoucine.com\/blog\/?s={search_term_string}\"},\"query-input\":{\"@type\":\"PropertyValueSpecification\",\"valueRequired\":true,\"valueName\":\"search_term_string\"}}],\"inLanguage\":\"fr-FR\"},{\"@type\":\"Organization\",\"@id\":\"https:\/\/www.medoucine.com\/blog\/#organization\",\"name\":\"Medoucine\",\"url\":\"https:\/\/www.medoucine.com\/blog\/\",\"logo\":{\"@type\":\"ImageObject\",\"inLanguage\":\"fr-FR\",\"@id\":\"https:\/\/www.medoucine.com\/blog\/#\/schema\/logo\/image\/\",\"url\":\"https:\/\/www.medoucine.com\/blog\/wp-content\/uploads\/2019\/07\/logo@3x.png\",\"contentUrl\":\"https:\/\/www.medoucine.com\/blog\/wp-content\/uploads\/2019\/07\/logo@3x.png\",\"width\":555,\"height\":135,\"caption\":\"Medoucine\"},\"image\":{\"@id\":\"https:\/\/www.medoucine.com\/blog\/#\/schema\/logo\/image\/\"},\"sameAs\":[\"https:\/\/www.facebook.com\/medoucine\/\",\"https:\/\/x.com\/medoucinefr\",\"https:\/\/www.instagram.com\/medoucine\/\",\"https:\/\/www.youtube.com\/channel\/UCtZeUeJ_KebYK0KJAXjJV8g\"]},{\"@type\":\"Person\",\"@id\":\"https:\/\/www.medoucine.com\/blog\/#\/schema\/person\/18291ec8abc17b04b03dda5a236a6f17\",\"name\":\"Emmanuelle Guilbaudeau\",\"image\":{\"@type\":\"ImageObject\",\"inLanguage\":\"fr-FR\",\"@id\":\"https:\/\/www.medoucine.com\/blog\/#\/schema\/person\/image\/\",\"url\":\"https:\/\/secure.gravatar.com\/avatar\/47b93e2617a822e3dd4fc9982cadf6a8ea1c897043c6f6d1c1194f173ce59a7c?s=96&d=mm&r=g\",\"contentUrl\":\"https:\/\/secure.gravatar.com\/avatar\/47b93e2617a822e3dd4fc9982cadf6a8ea1c897043c6f6d1c1194f173ce59a7c?s=96&d=mm&r=g\",\"caption\":\"Emmanuelle Guilbaudeau\"},\"description\":\"Th\u00e9rapeute en Aromath\u00e9rapie, Phytoth\u00e9rapie et Coaching Praticienne en Aromath\u00e9rapie\",\"sameAs\":[\"https:\/\/www.medoucine.com\/consultation\/nantes\/emmanuelle-guilbaudeau\/382?utm_source=blog_medoucine\"],\"url\":\"https:\/\/www.medoucine.com\/blog\/author\/emmanuelle-guilbaudeau\/\"}]}<\/script>\n<!-- \/ Yoast SEO plugin. -->","yoast_head_json":{"title":"Rechargez vos batteries par les \"bains de for\u00eat\" ~ Blog de Medoucine","description":"La for\u00eat, les espaces naturels semi sauvages, constituent des SAS d'oxyg\u00e8nes, de d\u00e9tente, de vitalit\u00e9, de ressourcement indispensables \u00e0 notre \u00e9quilibre. C'est la raison pour laquelle les cong\u00e9s pay\u00e9s se passent en bord de mer, \u00e0 la campagne ou \u00e0 la montagne.","robots":{"index":"index","follow":"follow","max-snippet":"max-snippet:-1","max-image-preview":"max-image-preview:large","max-video-preview":"max-video-preview:-1"},"canonical":"https:\/\/www.medoucine.com\/blog\/rechargez-vos-batteries-par-les-bains-de-foret-les-bienfaits-de-la-sylvotherapie\/","og_locale":"fr_FR","og_type":"article","og_title":"Rechargez vos batteries par les \"bains de for\u00eat\" ~ Blog de Medoucine","og_description":"La for\u00eat, les espaces naturels semi sauvages, constituent des SAS d'oxyg\u00e8nes, de d\u00e9tente, de vitalit\u00e9, de ressourcement indispensables \u00e0 notre \u00e9quilibre. C'est la raison pour laquelle les cong\u00e9s pay\u00e9s se passent en bord de mer, \u00e0 la campagne ou \u00e0 la montagne.","og_url":"https:\/\/www.medoucine.com\/blog\/rechargez-vos-batteries-par-les-bains-de-foret-les-bienfaits-de-la-sylvotherapie\/","og_site_name":"Blog de Medoucine","article_publisher":"https:\/\/www.facebook.com\/medoucine\/","article_published_time":"2019-07-22T22:00:00+00:00","article_modified_time":"2026-04-08T17:09:07+00:00","og_image":[{"width":1080,"height":810,"url":"https:\/\/www.medoucine.com\/blog\/wp-content\/uploads\/2019\/07\/photo-1533444692304-ddb7dfe6b602.jpeg","type":"image\/jpeg"}],"author":"Emmanuelle Guilbaudeau","twitter_card":"summary_large_image","twitter_creator":"@medoucinefr","twitter_site":"@medoucinefr","twitter_misc":{"\u00c9crit par":"Emmanuelle Guilbaudeau","Dur\u00e9e de lecture estim\u00e9e":"4 minutes"},"schema":{"@context":"https:\/\/schema.org","@graph":[{"@type":"Article","@id":"https:\/\/www.medoucine.com\/blog\/rechargez-vos-batteries-par-les-bains-de-foret-les-bienfaits-de-la-sylvotherapie\/#article","isPartOf":{"@id":"https:\/\/www.medoucine.com\/blog\/rechargez-vos-batteries-par-les-bains-de-foret-les-bienfaits-de-la-sylvotherapie\/"},"author":{"name":"Emmanuelle Guilbaudeau","@id":"https:\/\/www.medoucine.com\/blog\/#\/schema\/person\/18291ec8abc17b04b03dda5a236a6f17"},"headline":"Rechargez vos batteries par les \u00ab\u00a0bains de for\u00eat\u00a0\u00bb","datePublished":"2019-07-22T22:00:00+00:00","dateModified":"2026-04-08T17:09:07+00:00","mainEntityOfPage":{"@id":"https:\/\/www.medoucine.com\/blog\/rechargez-vos-batteries-par-les-bains-de-foret-les-bienfaits-de-la-sylvotherapie\/"},"wordCount":795,"commentCount":0,"publisher":{"@id":"https:\/\/www.medoucine.com\/blog\/#organization"},"image":{"@id":"https:\/\/www.medoucine.com\/blog\/rechargez-vos-batteries-par-les-bains-de-foret-les-bienfaits-de-la-sylvotherapie\/#primaryimage"},"thumbnailUrl":"https:\/\/www.medoucine.com\/blog\/wp-content\/uploads\/2019\/07\/photo-1533444692304-ddb7dfe6b602.jpeg","keywords":["plantes"],"articleSection":["Activit\u00e9 physique","Beaut\u00e9 &amp; Bien-\u00eatre","Sant\u00e9"],"inLanguage":"fr-FR","potentialAction":[{"@type":"CommentAction","name":"Comment","target":["https:\/\/www.medoucine.com\/blog\/rechargez-vos-batteries-par-les-bains-de-foret-les-bienfaits-de-la-sylvotherapie\/#respond"]}]},{"@type":"WebPage","@id":"https:\/\/www.medoucine.com\/blog\/rechargez-vos-batteries-par-les-bains-de-foret-les-bienfaits-de-la-sylvotherapie\/","url":"https:\/\/www.medoucine.com\/blog\/rechargez-vos-batteries-par-les-bains-de-foret-les-bienfaits-de-la-sylvotherapie\/","name":"Rechargez vos batteries par les \"bains de for\u00eat\" ~ Blog de Medoucine","isPartOf":{"@id":"https:\/\/www.medoucine.com\/blog\/#website"},"primaryImageOfPage":{"@id":"https:\/\/www.medoucine.com\/blog\/rechargez-vos-batteries-par-les-bains-de-foret-les-bienfaits-de-la-sylvotherapie\/#primaryimage"},"image":{"@id":"https:\/\/www.medoucine.com\/blog\/rechargez-vos-batteries-par-les-bains-de-foret-les-bienfaits-de-la-sylvotherapie\/#primaryimage"},"thumbnailUrl":"https:\/\/www.medoucine.com\/blog\/wp-content\/uploads\/2019\/07\/photo-1533444692304-ddb7dfe6b602.jpeg","datePublished":"2019-07-22T22:00:00+00:00","dateModified":"2026-04-08T17:09:07+00:00","description":"La for\u00eat, les espaces naturels semi sauvages, constituent des SAS d'oxyg\u00e8nes, de d\u00e9tente, de vitalit\u00e9, de ressourcement indispensables \u00e0 notre \u00e9quilibre. C'est la raison pour laquelle les cong\u00e9s pay\u00e9s se passent en bord de mer, \u00e0 la campagne ou \u00e0 la montagne.","breadcrumb":{"@id":"https:\/\/www.medoucine.com\/blog\/rechargez-vos-batteries-par-les-bains-de-foret-les-bienfaits-de-la-sylvotherapie\/#breadcrumb"},"inLanguage":"fr-FR","potentialAction":[{"@type":"ReadAction","target":["https:\/\/www.medoucine.com\/blog\/rechargez-vos-batteries-par-les-bains-de-foret-les-bienfaits-de-la-sylvotherapie\/"]}]},{"@type":"ImageObject","inLanguage":"fr-FR","@id":"https:\/\/www.medoucine.com\/blog\/rechargez-vos-batteries-par-les-bains-de-foret-les-bienfaits-de-la-sylvotherapie\/#primaryimage","url":"https:\/\/www.medoucine.com\/blog\/wp-content\/uploads\/2019\/07\/photo-1533444692304-ddb7dfe6b602.jpeg","contentUrl":"https:\/\/www.medoucine.com\/blog\/wp-content\/uploads\/2019\/07\/photo-1533444692304-ddb7dfe6b602.jpeg","width":1080,"height":810,"caption":"Rechargez vos batteries par les \"bains de for\u00eat\""},{"@type":"BreadcrumbList","@id":"https:\/\/www.medoucine.com\/blog\/rechargez-vos-batteries-par-les-bains-de-foret-les-bienfaits-de-la-sylvotherapie\/#breadcrumb","itemListElement":[{"@type":"ListItem","position":1,"name":"Blog Medoucine","item":"https:\/\/www.medoucine.com\/blog\/"},{"@type":"ListItem","position":2,"name":"Sant\u00e9","item":"https:\/\/www.medoucine.com\/blog\/cat\/sante\/"},{"@type":"ListItem","position":3,"name":"Activit\u00e9 physique","item":"https:\/\/www.medoucine.com\/blog\/cat\/sante\/activite-physique\/"},{"@type":"ListItem","position":4,"name":"Rechargez vos batteries par les \u00ab\u00a0bains de for\u00eat\u00a0\u00bb"}]},{"@type":"WebSite","@id":"https:\/\/www.medoucine.com\/blog\/#website","url":"https:\/\/www.medoucine.com\/blog\/","name":"Blog de Medoucine","description":"Le blog des m\u00e9decines douces","publisher":{"@id":"https:\/\/www.medoucine.com\/blog\/#organization"},"potentialAction":[{"@type":"SearchAction","target":{"@type":"EntryPoint","urlTemplate":"https:\/\/www.medoucine.com\/blog\/?s={search_term_string}"},"query-input":{"@type":"PropertyValueSpecification","valueRequired":true,"valueName":"search_term_string"}}],"inLanguage":"fr-FR"},{"@type":"Organization","@id":"https:\/\/www.medoucine.com\/blog\/#organization","name":"Medoucine","url":"https:\/\/www.medoucine.com\/blog\/","logo":{"@type":"ImageObject","inLanguage":"fr-FR","@id":"https:\/\/www.medoucine.com\/blog\/#\/schema\/logo\/image\/","url":"https:\/\/www.medoucine.com\/blog\/wp-content\/uploads\/2019\/07\/logo@3x.png","contentUrl":"https:\/\/www.medoucine.com\/blog\/wp-content\/uploads\/2019\/07\/logo@3x.png","width":555,"height":135,"caption":"Medoucine"},"image":{"@id":"https:\/\/www.medoucine.com\/blog\/#\/schema\/logo\/image\/"},"sameAs":["https:\/\/www.facebook.com\/medoucine\/","https:\/\/x.com\/medoucinefr","https:\/\/www.instagram.com\/medoucine\/","https:\/\/www.youtube.com\/channel\/UCtZeUeJ_KebYK0KJAXjJV8g"]},{"@type":"Person","@id":"https:\/\/www.medoucine.com\/blog\/#\/schema\/person\/18291ec8abc17b04b03dda5a236a6f17","name":"Emmanuelle Guilbaudeau","image":{"@type":"ImageObject","inLanguage":"fr-FR","@id":"https:\/\/www.medoucine.com\/blog\/#\/schema\/person\/image\/","url":"https:\/\/secure.gravatar.com\/avatar\/47b93e2617a822e3dd4fc9982cadf6a8ea1c897043c6f6d1c1194f173ce59a7c?s=96&d=mm&r=g","contentUrl":"https:\/\/secure.gravatar.com\/avatar\/47b93e2617a822e3dd4fc9982cadf6a8ea1c897043c6f6d1c1194f173ce59a7c?s=96&d=mm&r=g","caption":"Emmanuelle Guilbaudeau"},"description":"Th\u00e9rapeute en Aromath\u00e9rapie, Phytoth\u00e9rapie et Coaching Praticienne en Aromath\u00e9rapie","sameAs":["https:\/\/www.medoucine.com\/consultation\/nantes\/emmanuelle-guilbaudeau\/382?utm_source=blog_medoucine"],"url":"https:\/\/www.medoucine.com\/blog\/author\/emmanuelle-guilbaudeau\/"}]}},"_links":{"self":[{"href":"https:\/\/www.medoucine.com\/blog\/wp-json\/wp\/v2\/posts\/12162","targetHints":{"allow":["GET"]}}],"collection":[{"href":"https:\/\/www.medoucine.com\/blog\/wp-json\/wp\/v2\/posts"}],"about":[{"href":"https:\/\/www.medoucine.com\/blog\/wp-json\/wp\/v2\/types\/post"}],"author":[{"embeddable":true,"href":"https:\/\/www.medoucine.com\/blog\/wp-json\/wp\/v2\/users\/66"}],"replies":[{"embeddable":true,"href":"https:\/\/www.medoucine.com\/blog\/wp-json\/wp\/v2\/comments?post=12162"}],"version-history":[{"count":5,"href":"https:\/\/www.medoucine.com\/blog\/wp-json\/wp\/v2\/posts\/12162\/revisions"}],"predecessor-version":[{"id":43188,"href":"https:\/\/www.medoucine.com\/blog\/wp-json\/wp\/v2\/posts\/12162\/revisions\/43188"}],"wp:featuredmedia":[{"embeddable":true,"href":"https:\/\/www.medoucine.com\/blog\/wp-json\/wp\/v2\/media\/825"}],"wp:attachment":[{"href":"https:\/\/www.medoucine.com\/blog\/wp-json\/wp\/v2\/media?parent=12162"}],"wp:term":[{"taxonomy":"category","embeddable":true,"href":"https:\/\/www.medoucine.com\/blog\/wp-json\/wp\/v2\/categories?post=12162"},{"taxonomy":"post_tag","embeddable":true,"href":"https:\/\/www.medoucine.com\/blog\/wp-json\/wp\/v2\/tags?post=12162"}],"curies":[{"name":"wp","href":"https:\/\/api.w.org\/{rel}","templated":true}]}}