{"id":12154,"date":"2019-07-23T00:00:00","date_gmt":"2019-07-22T22:00:00","guid":{"rendered":"https:\/\/www.medoucine.com\/blog\/les-podcast-medoucine-la-medecine-douce-en-toute-confiance\/"},"modified":"2026-04-08T19:09:30","modified_gmt":"2026-04-08T17:09:30","slug":"les-podcast-medoucine-la-medecine-douce-en-toute-confiance","status":"publish","type":"post","link":"https:\/\/www.medoucine.com\/blog\/les-podcast-medoucine-la-medecine-douce-en-toute-confiance\/","title":{"rendered":"Cultivez la pens\u00e9e positive en 3 minutes !"},"content":{"rendered":"<p>La pens\u00e9e positive peut nuire un individu. Nos pens\u00e9es affectent nos actions et nos relations. Cultiver la pens\u00e9e positive est li\u00e9e \u00e0 notre vision du monde, on ne doit surtout pas sous-estimer son pouvoir. Introduisez ces<strong> 3 astuces concr\u00e8tes<\/strong> dans vos habitudes et vous verrez d\u00e9j\u00e0 de grands changements sur vos pens\u00e9es.<\/p>\n<p><em><strong>Par Monia Jourdan.<\/strong><\/em><\/p>\n<p class=\"results__search__title text-center mb-3 mb-lg-4\"><a href=\"https:\/\/www.medoucine.com\/consultations\/se-soigner\/sophrologie\/paris\/tous-publics\/a-domicile-ou-cabinet\"><span class=\"d-none d-md-inline\">Sophrologues :<\/span>\u00a0Prenez RDV avec un th\u00e9rapeute s\u00e9lectionn\u00e9 et valid\u00e9<\/a><\/p>\n<div class=\"m-spin\">\n<p class=\"m-spin__text\"><strong>La sophrologie : votre alli\u00e9 anti-stress au quotidien<\/strong><\/p>\n<p class=\"m-spin__text\">La pens\u00e9e positive est \u00e0 port\u00e9e de main gr\u00e2ce \u00e0 la sophrologie. Prenez rendez-vous avec un <a class=\"m-spin__link\" target=\"_blank\" rel=\"noopener noreferrer\" href=\"https:\/\/www.medoucine.com\/consultations\/se-soigner\/sophrologie\/lyon\/tous-publics\/a-domicile-ou-cabinet?utm_source=medoucine_blog_B2C&amp;utm_medium=article_blog&amp;utm_campaign=spin_seo\">Sophrologue \u00e0 Lyon<\/a>, un <a class=\"m-spin__link\" target=\"_blank\" rel=\"noopener noreferrer\" href=\"https:\/\/www.medoucine.com\/consultations\/se-soigner\/sophrologie\/montpellier\/tous-publics\/a-domicile-ou-cabinet?utm_source=medoucine_blog_B2C&amp;utm_medium=article_blog&amp;utm_campaign=spin_seo\">Sophrologue \u00e0 Montpellier<\/a> ou un <a class=\"m-spin__link\" target=\"_blank\" rel=\"noopener noreferrer\" href=\"https:\/\/www.medoucine.com\/consultations\/se-soigner\/sophrologie\/nantes\/tous-publics\/a-domicile-ou-cabinet?utm_source=medoucine_blog_B2C&amp;utm_medium=article_blog&amp;utm_campaign=spin_seo\">Sophrologue \u00e0 Nantes<\/a> pour apprendre \u00e0 g\u00e9rer vos \u00e9motions et retrouver s\u00e9r\u00e9nit\u00e9. Ces techniques simples vous aideront \u00e0 aborder chaque journ\u00e9e avec optimisme.<\/p>\n<p class=\"m-spin__text\">Vous souhaitez explorer les bienfaits de la sophrologie ? Trouvez des <a class=\"m-spin__link\" target=\"_blank\" rel=\"noopener noreferrer\" href=\"https:\/\/www.medoucine.com\/consultations\/se-soigner\/sophrologie\/autour-de-moi?utm_source=medoucine_blog_B2C&amp;utm_medium=article_blog&amp;utm_campaign=spin_seo\">Sophrologues pr\u00e8s de chez vous<\/a> pour vous accompagner sur le chemin du bien-\u00eatre.<\/p>\n<\/div>\n","protected":false},"excerpt":{"rendered":"<p>3 conseils pour changer vos pens\u00e9es en pens\u00e9es n\u00e9gatives<\/p>\n","protected":false},"author":995,"featured_media":3501,"comment_status":"open","ping_status":"open","sticky":false,"template":"","format":"standard","meta":{"_acf_changed":false,"footnotes":""},"categories":[105,101],"tags":[284,6],"class_list":["post-12154","post","type-post","status-publish","format-standard","has-post-thumbnail","hentry","category-autres-troubles","category-psycho","tag-coaching","tag-psycho"],"acf":[],"yoast_head":"<!-- This site is optimized with the Yoast SEO plugin v27.1.1 - https:\/\/yoast.com\/product\/yoast-seo-wordpress\/ -->\n<title>Cultivez la pens\u00e9e positive en 3 minutes ! ~ Blog de Medoucine<\/title>\n<meta name=\"description\" content=\"Les pens\u00e9es n\u00e9gatives envahissent sans cesse notre quotidien. Pour les arr\u00eater, d\u00e9couvrez ces 3 conseils simples \u00e0 appliquer.\" \/>\n<meta name=\"robots\" content=\"index, follow, max-snippet:-1, max-image-preview:large, max-video-preview:-1\" \/>\n<link rel=\"canonical\" href=\"https:\/\/www.medoucine.com\/blog\/les-podcast-medoucine-la-medecine-douce-en-toute-confiance\/\" \/>\n<meta property=\"og:locale\" content=\"fr_FR\" \/>\n<meta property=\"og:type\" content=\"article\" \/>\n<meta property=\"og:title\" content=\"Cultivez la pens\u00e9e positive en 3 minutes ! ~ Blog de Medoucine\" \/>\n<meta property=\"og:description\" content=\"Les pens\u00e9es n\u00e9gatives envahissent sans cesse notre quotidien. Pour les arr\u00eater, d\u00e9couvrez ces 3 conseils simples \u00e0 appliquer.\" \/>\n<meta property=\"og:url\" content=\"https:\/\/www.medoucine.com\/blog\/les-podcast-medoucine-la-medecine-douce-en-toute-confiance\/\" \/>\n<meta property=\"og:site_name\" content=\"Blog de Medoucine\" \/>\n<meta property=\"article:publisher\" content=\"https:\/\/www.facebook.com\/medoucine\/\" \/>\n<meta property=\"article:published_time\" content=\"2019-07-22T22:00:00+00:00\" \/>\n<meta property=\"article:modified_time\" content=\"2026-04-08T17:09:30+00:00\" \/>\n<meta property=\"og:image\" content=\"https:\/\/www.medoucine.com\/blog\/wp-content\/uploads\/2019\/07\/photo-1488109811119-98431feb6929.jpeg\" \/>\n\t<meta property=\"og:image:width\" content=\"1024\" \/>\n\t<meta property=\"og:image:height\" content=\"1024\" \/>\n\t<meta property=\"og:image:type\" content=\"image\/jpeg\" \/>\n<meta name=\"author\" content=\"Camille De M\u00e9doucine\" \/>\n<meta name=\"twitter:card\" content=\"summary_large_image\" \/>\n<meta name=\"twitter:creator\" content=\"@medoucinefr\" \/>\n<meta name=\"twitter:site\" content=\"@medoucinefr\" \/>\n<meta name=\"twitter:label1\" content=\"\u00c9crit par\" \/>\n\t<meta name=\"twitter:data1\" content=\"Camille De M\u00e9doucine\" \/>\n\t<meta name=\"twitter:label2\" content=\"Dur\u00e9e de lecture estim\u00e9e\" \/>\n\t<meta name=\"twitter:data2\" content=\"1 minute\" \/>\n<script type=\"application\/ld+json\" class=\"yoast-schema-graph\">{\"@context\":\"https:\/\/schema.org\",\"@graph\":[{\"@type\":\"Article\",\"@id\":\"https:\/\/www.medoucine.com\/blog\/les-podcast-medoucine-la-medecine-douce-en-toute-confiance\/#article\",\"isPartOf\":{\"@id\":\"https:\/\/www.medoucine.com\/blog\/les-podcast-medoucine-la-medecine-douce-en-toute-confiance\/\"},\"author\":{\"name\":\"Camille De M\u00e9doucine\",\"@id\":\"https:\/\/www.medoucine.com\/blog\/#\/schema\/person\/33963211205d80beccb805396c175b47\"},\"headline\":\"Cultivez la pens\u00e9e positive en 3 minutes !\",\"datePublished\":\"2019-07-22T22:00:00+00:00\",\"dateModified\":\"2026-04-08T17:09:30+00:00\",\"mainEntityOfPage\":{\"@id\":\"https:\/\/www.medoucine.com\/blog\/les-podcast-medoucine-la-medecine-douce-en-toute-confiance\/\"},\"wordCount\":158,\"commentCount\":0,\"publisher\":{\"@id\":\"https:\/\/www.medoucine.com\/blog\/#organization\"},\"image\":{\"@id\":\"https:\/\/www.medoucine.com\/blog\/les-podcast-medoucine-la-medecine-douce-en-toute-confiance\/#primaryimage\"},\"thumbnailUrl\":\"https:\/\/www.medoucine.com\/blog\/wp-content\/uploads\/2019\/07\/photo-1488109811119-98431feb6929.jpeg\",\"keywords\":[\"coaching\",\"Psycho\"],\"articleSection\":[\"Autres troubles\",\"Psycho\"],\"inLanguage\":\"fr-FR\",\"potentialAction\":[{\"@type\":\"CommentAction\",\"name\":\"Comment\",\"target\":[\"https:\/\/www.medoucine.com\/blog\/les-podcast-medoucine-la-medecine-douce-en-toute-confiance\/#respond\"]}]},{\"@type\":\"WebPage\",\"@id\":\"https:\/\/www.medoucine.com\/blog\/les-podcast-medoucine-la-medecine-douce-en-toute-confiance\/\",\"url\":\"https:\/\/www.medoucine.com\/blog\/les-podcast-medoucine-la-medecine-douce-en-toute-confiance\/\",\"name\":\"Cultivez la pens\u00e9e positive en 3 minutes ! ~ Blog de Medoucine\",\"isPartOf\":{\"@id\":\"https:\/\/www.medoucine.com\/blog\/#website\"},\"primaryImageOfPage\":{\"@id\":\"https:\/\/www.medoucine.com\/blog\/les-podcast-medoucine-la-medecine-douce-en-toute-confiance\/#primaryimage\"},\"image\":{\"@id\":\"https:\/\/www.medoucine.com\/blog\/les-podcast-medoucine-la-medecine-douce-en-toute-confiance\/#primaryimage\"},\"thumbnailUrl\":\"https:\/\/www.medoucine.com\/blog\/wp-content\/uploads\/2019\/07\/photo-1488109811119-98431feb6929.jpeg\",\"datePublished\":\"2019-07-22T22:00:00+00:00\",\"dateModified\":\"2026-04-08T17:09:30+00:00\",\"description\":\"Les pens\u00e9es n\u00e9gatives envahissent sans cesse notre quotidien. Pour les arr\u00eater, d\u00e9couvrez ces 3 conseils simples \u00e0 appliquer.\",\"breadcrumb\":{\"@id\":\"https:\/\/www.medoucine.com\/blog\/les-podcast-medoucine-la-medecine-douce-en-toute-confiance\/#breadcrumb\"},\"inLanguage\":\"fr-FR\",\"potentialAction\":[{\"@type\":\"ReadAction\",\"target\":[\"https:\/\/www.medoucine.com\/blog\/les-podcast-medoucine-la-medecine-douce-en-toute-confiance\/\"]}]},{\"@type\":\"ImageObject\",\"inLanguage\":\"fr-FR\",\"@id\":\"https:\/\/www.medoucine.com\/blog\/les-podcast-medoucine-la-medecine-douce-en-toute-confiance\/#primaryimage\",\"url\":\"https:\/\/www.medoucine.com\/blog\/wp-content\/uploads\/2019\/07\/photo-1488109811119-98431feb6929.jpeg\",\"contentUrl\":\"https:\/\/www.medoucine.com\/blog\/wp-content\/uploads\/2019\/07\/photo-1488109811119-98431feb6929.jpeg\",\"width\":1024,\"height\":1024,\"caption\":\"Cultivez la pens\u00e9e positive en 3 minutes !\"},{\"@type\":\"BreadcrumbList\",\"@id\":\"https:\/\/www.medoucine.com\/blog\/les-podcast-medoucine-la-medecine-douce-en-toute-confiance\/#breadcrumb\",\"itemListElement\":[{\"@type\":\"ListItem\",\"position\":1,\"name\":\"Blog Medoucine\",\"item\":\"https:\/\/www.medoucine.com\/blog\/\"},{\"@type\":\"ListItem\",\"position\":2,\"name\":\"Psycho\",\"item\":\"https:\/\/www.medoucine.com\/blog\/cat\/psycho\/\"},{\"@type\":\"ListItem\",\"position\":3,\"name\":\"Autres troubles\",\"item\":\"https:\/\/www.medoucine.com\/blog\/cat\/psycho\/autres-troubles\/\"},{\"@type\":\"ListItem\",\"position\":4,\"name\":\"Cultivez la pens\u00e9e positive en 3 minutes !\"}]},{\"@type\":\"WebSite\",\"@id\":\"https:\/\/www.medoucine.com\/blog\/#website\",\"url\":\"https:\/\/www.medoucine.com\/blog\/\",\"name\":\"Blog de Medoucine\",\"description\":\"Le blog des m\u00e9decines douces\",\"publisher\":{\"@id\":\"https:\/\/www.medoucine.com\/blog\/#organization\"},\"potentialAction\":[{\"@type\":\"SearchAction\",\"target\":{\"@type\":\"EntryPoint\",\"urlTemplate\":\"https:\/\/www.medoucine.com\/blog\/?s={search_term_string}\"},\"query-input\":{\"@type\":\"PropertyValueSpecification\",\"valueRequired\":true,\"valueName\":\"search_term_string\"}}],\"inLanguage\":\"fr-FR\"},{\"@type\":\"Organization\",\"@id\":\"https:\/\/www.medoucine.com\/blog\/#organization\",\"name\":\"Medoucine\",\"url\":\"https:\/\/www.medoucine.com\/blog\/\",\"logo\":{\"@type\":\"ImageObject\",\"inLanguage\":\"fr-FR\",\"@id\":\"https:\/\/www.medoucine.com\/blog\/#\/schema\/logo\/image\/\",\"url\":\"https:\/\/www.medoucine.com\/blog\/wp-content\/uploads\/2019\/07\/logo@3x.png\",\"contentUrl\":\"https:\/\/www.medoucine.com\/blog\/wp-content\/uploads\/2019\/07\/logo@3x.png\",\"width\":555,\"height\":135,\"caption\":\"Medoucine\"},\"image\":{\"@id\":\"https:\/\/www.medoucine.com\/blog\/#\/schema\/logo\/image\/\"},\"sameAs\":[\"https:\/\/www.facebook.com\/medoucine\/\",\"https:\/\/x.com\/medoucinefr\",\"https:\/\/www.instagram.com\/medoucine\/\",\"https:\/\/www.youtube.com\/channel\/UCtZeUeJ_KebYK0KJAXjJV8g\"]},{\"@type\":\"Person\",\"@id\":\"https:\/\/www.medoucine.com\/blog\/#\/schema\/person\/33963211205d80beccb805396c175b47\",\"name\":\"Camille De M\u00e9doucine\",\"image\":{\"@type\":\"ImageObject\",\"inLanguage\":\"fr-FR\",\"@id\":\"https:\/\/www.medoucine.com\/blog\/#\/schema\/person\/image\/\",\"url\":\"https:\/\/secure.gravatar.com\/avatar\/c2299bbd846dad9bdc700ac2bc1f7d7f7698bebee70f9ac01014ce232478ddab?s=96&d=mm&r=g\",\"contentUrl\":\"https:\/\/secure.gravatar.com\/avatar\/c2299bbd846dad9bdc700ac2bc1f7d7f7698bebee70f9ac01014ce232478ddab?s=96&d=mm&r=g\",\"caption\":\"Camille De M\u00e9doucine\"},\"description\":\"Je suis Camille, coordinatrice de la communaut\u00e9 M\u00e9doucine. Mon r\u00f4le ? Faire le lien entre les praticiens de notre r\u00e9seau et vous, lecteurs en qu\u00eate de bien-\u00eatre. J'accompagne au quotidien les th\u00e9rapeutes dans leur d\u00e9veloppement digital et les aide \u00e0 se faire conna\u00eetre localement. \u00c0 travers mes articles, je partage des conseils pratiques, des t\u00e9moignages inspirants et des \u00e9clairages sur les pratiques compl\u00e9mentaires. Mon objectif : rendre l'univers du bien-\u00eatre accessible, transparent et humain. J'aime explorer la diversit\u00e9 des approches et mettre en lumi\u00e8re ce qui rend chaque praticien unique. Passionn\u00e9e par la cr\u00e9ation de contenu et l'animation de communaut\u00e9, je m'engage chaque jour \u00e0 valoriser l'expertise de ceux qui prennent soin de vous.\",\"sameAs\":[\"https:\/\/www.linkedin.com\/in\/camille-de-m%C3%A9doucine-055173176\/\"],\"url\":\"https:\/\/www.medoucine.com\/blog\/author\/camille_medoucine\/\"}]}<\/script>\n<!-- \/ Yoast SEO plugin. -->","yoast_head_json":{"title":"Cultivez la pens\u00e9e positive en 3 minutes ! ~ Blog de Medoucine","description":"Les pens\u00e9es n\u00e9gatives envahissent sans cesse notre quotidien. Pour les arr\u00eater, d\u00e9couvrez ces 3 conseils simples \u00e0 appliquer.","robots":{"index":"index","follow":"follow","max-snippet":"max-snippet:-1","max-image-preview":"max-image-preview:large","max-video-preview":"max-video-preview:-1"},"canonical":"https:\/\/www.medoucine.com\/blog\/les-podcast-medoucine-la-medecine-douce-en-toute-confiance\/","og_locale":"fr_FR","og_type":"article","og_title":"Cultivez la pens\u00e9e positive en 3 minutes ! ~ Blog de Medoucine","og_description":"Les pens\u00e9es n\u00e9gatives envahissent sans cesse notre quotidien. Pour les arr\u00eater, d\u00e9couvrez ces 3 conseils simples \u00e0 appliquer.","og_url":"https:\/\/www.medoucine.com\/blog\/les-podcast-medoucine-la-medecine-douce-en-toute-confiance\/","og_site_name":"Blog de Medoucine","article_publisher":"https:\/\/www.facebook.com\/medoucine\/","article_published_time":"2019-07-22T22:00:00+00:00","article_modified_time":"2026-04-08T17:09:30+00:00","og_image":[{"width":1024,"height":1024,"url":"https:\/\/www.medoucine.com\/blog\/wp-content\/uploads\/2019\/07\/photo-1488109811119-98431feb6929.jpeg","type":"image\/jpeg"}],"author":"Camille De M\u00e9doucine","twitter_card":"summary_large_image","twitter_creator":"@medoucinefr","twitter_site":"@medoucinefr","twitter_misc":{"\u00c9crit par":"Camille De M\u00e9doucine","Dur\u00e9e de lecture estim\u00e9e":"1 minute"},"schema":{"@context":"https:\/\/schema.org","@graph":[{"@type":"Article","@id":"https:\/\/www.medoucine.com\/blog\/les-podcast-medoucine-la-medecine-douce-en-toute-confiance\/#article","isPartOf":{"@id":"https:\/\/www.medoucine.com\/blog\/les-podcast-medoucine-la-medecine-douce-en-toute-confiance\/"},"author":{"name":"Camille De M\u00e9doucine","@id":"https:\/\/www.medoucine.com\/blog\/#\/schema\/person\/33963211205d80beccb805396c175b47"},"headline":"Cultivez la pens\u00e9e positive en 3 minutes !","datePublished":"2019-07-22T22:00:00+00:00","dateModified":"2026-04-08T17:09:30+00:00","mainEntityOfPage":{"@id":"https:\/\/www.medoucine.com\/blog\/les-podcast-medoucine-la-medecine-douce-en-toute-confiance\/"},"wordCount":158,"commentCount":0,"publisher":{"@id":"https:\/\/www.medoucine.com\/blog\/#organization"},"image":{"@id":"https:\/\/www.medoucine.com\/blog\/les-podcast-medoucine-la-medecine-douce-en-toute-confiance\/#primaryimage"},"thumbnailUrl":"https:\/\/www.medoucine.com\/blog\/wp-content\/uploads\/2019\/07\/photo-1488109811119-98431feb6929.jpeg","keywords":["coaching","Psycho"],"articleSection":["Autres troubles","Psycho"],"inLanguage":"fr-FR","potentialAction":[{"@type":"CommentAction","name":"Comment","target":["https:\/\/www.medoucine.com\/blog\/les-podcast-medoucine-la-medecine-douce-en-toute-confiance\/#respond"]}]},{"@type":"WebPage","@id":"https:\/\/www.medoucine.com\/blog\/les-podcast-medoucine-la-medecine-douce-en-toute-confiance\/","url":"https:\/\/www.medoucine.com\/blog\/les-podcast-medoucine-la-medecine-douce-en-toute-confiance\/","name":"Cultivez la pens\u00e9e positive en 3 minutes ! ~ Blog de Medoucine","isPartOf":{"@id":"https:\/\/www.medoucine.com\/blog\/#website"},"primaryImageOfPage":{"@id":"https:\/\/www.medoucine.com\/blog\/les-podcast-medoucine-la-medecine-douce-en-toute-confiance\/#primaryimage"},"image":{"@id":"https:\/\/www.medoucine.com\/blog\/les-podcast-medoucine-la-medecine-douce-en-toute-confiance\/#primaryimage"},"thumbnailUrl":"https:\/\/www.medoucine.com\/blog\/wp-content\/uploads\/2019\/07\/photo-1488109811119-98431feb6929.jpeg","datePublished":"2019-07-22T22:00:00+00:00","dateModified":"2026-04-08T17:09:30+00:00","description":"Les pens\u00e9es n\u00e9gatives envahissent sans cesse notre quotidien. Pour les arr\u00eater, d\u00e9couvrez ces 3 conseils simples \u00e0 appliquer.","breadcrumb":{"@id":"https:\/\/www.medoucine.com\/blog\/les-podcast-medoucine-la-medecine-douce-en-toute-confiance\/#breadcrumb"},"inLanguage":"fr-FR","potentialAction":[{"@type":"ReadAction","target":["https:\/\/www.medoucine.com\/blog\/les-podcast-medoucine-la-medecine-douce-en-toute-confiance\/"]}]},{"@type":"ImageObject","inLanguage":"fr-FR","@id":"https:\/\/www.medoucine.com\/blog\/les-podcast-medoucine-la-medecine-douce-en-toute-confiance\/#primaryimage","url":"https:\/\/www.medoucine.com\/blog\/wp-content\/uploads\/2019\/07\/photo-1488109811119-98431feb6929.jpeg","contentUrl":"https:\/\/www.medoucine.com\/blog\/wp-content\/uploads\/2019\/07\/photo-1488109811119-98431feb6929.jpeg","width":1024,"height":1024,"caption":"Cultivez la pens\u00e9e positive en 3 minutes !"},{"@type":"BreadcrumbList","@id":"https:\/\/www.medoucine.com\/blog\/les-podcast-medoucine-la-medecine-douce-en-toute-confiance\/#breadcrumb","itemListElement":[{"@type":"ListItem","position":1,"name":"Blog Medoucine","item":"https:\/\/www.medoucine.com\/blog\/"},{"@type":"ListItem","position":2,"name":"Psycho","item":"https:\/\/www.medoucine.com\/blog\/cat\/psycho\/"},{"@type":"ListItem","position":3,"name":"Autres troubles","item":"https:\/\/www.medoucine.com\/blog\/cat\/psycho\/autres-troubles\/"},{"@type":"ListItem","position":4,"name":"Cultivez la pens\u00e9e positive en 3 minutes !"}]},{"@type":"WebSite","@id":"https:\/\/www.medoucine.com\/blog\/#website","url":"https:\/\/www.medoucine.com\/blog\/","name":"Blog de Medoucine","description":"Le blog des m\u00e9decines douces","publisher":{"@id":"https:\/\/www.medoucine.com\/blog\/#organization"},"potentialAction":[{"@type":"SearchAction","target":{"@type":"EntryPoint","urlTemplate":"https:\/\/www.medoucine.com\/blog\/?s={search_term_string}"},"query-input":{"@type":"PropertyValueSpecification","valueRequired":true,"valueName":"search_term_string"}}],"inLanguage":"fr-FR"},{"@type":"Organization","@id":"https:\/\/www.medoucine.com\/blog\/#organization","name":"Medoucine","url":"https:\/\/www.medoucine.com\/blog\/","logo":{"@type":"ImageObject","inLanguage":"fr-FR","@id":"https:\/\/www.medoucine.com\/blog\/#\/schema\/logo\/image\/","url":"https:\/\/www.medoucine.com\/blog\/wp-content\/uploads\/2019\/07\/logo@3x.png","contentUrl":"https:\/\/www.medoucine.com\/blog\/wp-content\/uploads\/2019\/07\/logo@3x.png","width":555,"height":135,"caption":"Medoucine"},"image":{"@id":"https:\/\/www.medoucine.com\/blog\/#\/schema\/logo\/image\/"},"sameAs":["https:\/\/www.facebook.com\/medoucine\/","https:\/\/x.com\/medoucinefr","https:\/\/www.instagram.com\/medoucine\/","https:\/\/www.youtube.com\/channel\/UCtZeUeJ_KebYK0KJAXjJV8g"]},{"@type":"Person","@id":"https:\/\/www.medoucine.com\/blog\/#\/schema\/person\/33963211205d80beccb805396c175b47","name":"Camille De M\u00e9doucine","image":{"@type":"ImageObject","inLanguage":"fr-FR","@id":"https:\/\/www.medoucine.com\/blog\/#\/schema\/person\/image\/","url":"https:\/\/secure.gravatar.com\/avatar\/c2299bbd846dad9bdc700ac2bc1f7d7f7698bebee70f9ac01014ce232478ddab?s=96&d=mm&r=g","contentUrl":"https:\/\/secure.gravatar.com\/avatar\/c2299bbd846dad9bdc700ac2bc1f7d7f7698bebee70f9ac01014ce232478ddab?s=96&d=mm&r=g","caption":"Camille De M\u00e9doucine"},"description":"Je suis Camille, coordinatrice de la communaut\u00e9 M\u00e9doucine. Mon r\u00f4le ? Faire le lien entre les praticiens de notre r\u00e9seau et vous, lecteurs en qu\u00eate de bien-\u00eatre. J'accompagne au quotidien les th\u00e9rapeutes dans leur d\u00e9veloppement digital et les aide \u00e0 se faire conna\u00eetre localement. \u00c0 travers mes articles, je partage des conseils pratiques, des t\u00e9moignages inspirants et des \u00e9clairages sur les pratiques compl\u00e9mentaires. Mon objectif : rendre l'univers du bien-\u00eatre accessible, transparent et humain. J'aime explorer la diversit\u00e9 des approches et mettre en lumi\u00e8re ce qui rend chaque praticien unique. Passionn\u00e9e par la cr\u00e9ation de contenu et l'animation de communaut\u00e9, je m'engage chaque jour \u00e0 valoriser l'expertise de ceux qui prennent soin de vous.","sameAs":["https:\/\/www.linkedin.com\/in\/camille-de-m%C3%A9doucine-055173176\/"],"url":"https:\/\/www.medoucine.com\/blog\/author\/camille_medoucine\/"}]}},"_links":{"self":[{"href":"https:\/\/www.medoucine.com\/blog\/wp-json\/wp\/v2\/posts\/12154","targetHints":{"allow":["GET"]}}],"collection":[{"href":"https:\/\/www.medoucine.com\/blog\/wp-json\/wp\/v2\/posts"}],"about":[{"href":"https:\/\/www.medoucine.com\/blog\/wp-json\/wp\/v2\/types\/post"}],"author":[{"embeddable":true,"href":"https:\/\/www.medoucine.com\/blog\/wp-json\/wp\/v2\/users\/995"}],"replies":[{"embeddable":true,"href":"https:\/\/www.medoucine.com\/blog\/wp-json\/wp\/v2\/comments?post=12154"}],"version-history":[{"count":3,"href":"https:\/\/www.medoucine.com\/blog\/wp-json\/wp\/v2\/posts\/12154\/revisions"}],"predecessor-version":[{"id":43196,"href":"https:\/\/www.medoucine.com\/blog\/wp-json\/wp\/v2\/posts\/12154\/revisions\/43196"}],"wp:featuredmedia":[{"embeddable":true,"href":"https:\/\/www.medoucine.com\/blog\/wp-json\/wp\/v2\/media\/3501"}],"wp:attachment":[{"href":"https:\/\/www.medoucine.com\/blog\/wp-json\/wp\/v2\/media?parent=12154"}],"wp:term":[{"taxonomy":"category","embeddable":true,"href":"https:\/\/www.medoucine.com\/blog\/wp-json\/wp\/v2\/categories?post=12154"},{"taxonomy":"post_tag","embeddable":true,"href":"https:\/\/www.medoucine.com\/blog\/wp-json\/wp\/v2\/tags?post=12154"}],"curies":[{"name":"wp","href":"https:\/\/api.w.org\/{rel}","templated":true}]}}