{"id":12150,"date":"2019-07-23T00:00:00","date_gmt":"2019-07-22T22:00:00","guid":{"rendered":"https:\/\/www.medoucine.com\/blog\/comment-traiter-les-troubles-du-sommeil-sans-medicaments\/"},"modified":"2026-04-08T19:09:39","modified_gmt":"2026-04-08T17:09:39","slug":"comment-traiter-les-troubles-du-sommeil-sans-medicaments","status":"publish","type":"post","link":"https:\/\/www.medoucine.com\/blog\/comment-traiter-les-troubles-du-sommeil-sans-medicaments\/","title":{"rendered":"Comment limiter les troubles du sommeil sans m\u00e9dicaments ?"},"content":{"rendered":"<p>Le sommeil est l&rsquo;un des meilleurs m\u00e9dicaments naturels dont nous disposons pour nous remettre en \u00e9tat psychiquement et physiquement. Mais parfois le sommeil ne va pas de soi. \u00e0\u0080 tout moment de notre vie, nous pouvons souffrir d&rsquo;insomnie.<br \/>\nLa qualit\u00e9 du sommeil peut se d\u00e9grader progressivement, jusqu&rsquo;\u00e0 dispara\u00eetre tout \u00e0 fait. <a href=\"https:\/\/www.medoucine.com\/consultation\/palaiseau\/michel-pereira-naturopathe-reflexologue-paris\/233\">Michel Pereira, naturopathe et r\u00e9flexologue recommand\u00e9 du r\u00e9seau Medoucine, vous explique comment traiter les insomnies sans somnif\u00e8res. <\/a><\/p>\n<h2 id=\"qu-est-ce-que-le-sommeil\">Qu&rsquo;est-ce que le sommeil ?<\/h2>\n<p>Le sommeil correspond \u00e0 une baisse de l&rsquo;\u00e9tat de conscience qui s\u00e9pare deux p\u00e9riodes d&rsquo;\u00e9veil. Il est caract\u00e9ris\u00e9 par une perte de la vigilance, une diminution du tonus musculaire et une conservation partielle de la perception sensitive.<\/p>\n<p>Sch\u00e9matiquement, le sommeil correspond \u00e0 une succession de 3 \u00e0 6 cycle successive, de 60 \u00e0 120 minutes chacun. Un cycle est lui-m\u00eame constitu\u00e9 d&rsquo;une alternance de sommeil lent et de sommeil paradoxal.<\/p>\n<div class=\"m-spin\">\n<p class=\"m-spin__text\"><strong>Dites adieu aux insomnies avec la m\u00e9decine douce<\/strong><\/p>\n<p class=\"m-spin__text\">Les troubles du sommeil sont fr\u00e9quents, mais des solutions naturelles existent. Prenez rendez-vous avec un <a class=\"m-spin__link\" target=\"_blank\" rel=\"noopener noreferrer\" href=\"https:\/\/www.medoucine.com\/consultations\/se-soigner\/naturopathie\/bordeaux\/tous-publics\/a-domicile-ou-cabinet?utm_source=medoucine_blog_B2C&amp;utm_medium=article_blog&amp;utm_campaign=spin_seo\">Naturopathe \u00e0 Bordeaux<\/a>, un <a class=\"m-spin__link\" target=\"_blank\" rel=\"noopener noreferrer\" href=\"https:\/\/www.medoucine.com\/consultations\/se-soigner\/naturopathie\/lille\/tous-publics\/a-domicile-ou-cabinet?utm_source=medoucine_blog_B2C&amp;utm_medium=article_blog&amp;utm_campaign=spin_seo\">Naturopathe \u00e0 Lille<\/a> ou un <a class=\"m-spin__link\" target=\"_blank\" rel=\"noopener noreferrer\" href=\"https:\/\/www.medoucine.com\/consultations\/se-soigner\/naturopathie\/rennes\/tous-publics\/a-domicile-ou-cabinet?utm_source=medoucine_blog_B2C&amp;utm_medium=article_blog&amp;utm_campaign=spin_seo\">Naturopathe \u00e0 Rennes<\/a> pour un accompagnement personnalis\u00e9 et retrouver un sommeil r\u00e9parateur. La naturopathie propose des approches douces pour apaiser le corps et l&rsquo;esprit.<\/p>\n<p class=\"m-spin__text\">Vous cherchez un professionnel qualifi\u00e9 ? Trouvez des <a class=\"m-spin__link\" target=\"_blank\" rel=\"noopener noreferrer\" href=\"https:\/\/www.medoucine.com\/consultations\/se-soigner\/naturopathie\/autour-de-moi?utm_source=medoucine_blog_B2C&amp;utm_medium=article_blog&amp;utm_campaign=spin_seo\">Naturopathes pr\u00e8s de chez vous<\/a> pour vous accompagner vers un sommeil retrouv\u00e9 et une meilleure qualit\u00e9 de vie.<\/p>\n<\/div>\n<h2 id=\"qu-est-ce-qui-r-gule-le-sommeil\">Qu&rsquo;est-ce qui r\u00e9gule le sommeil ?<\/h2>\n<p>Il est r\u00e9gul\u00e9 par le cerveau qui en d\u00e9termine la dur\u00e9e, la qualit\u00e9 ainsi que le rythme\u00a0\u00bbjour-nuit\u00a0\u00bb. Le cerveau est soumis \u00e0 l&rsquo;influence contraire de neurotransmetteurs calmants (s\u00e9rotonine, GABA), et de neurotransmetteurs excitateurs (dopamine, noradr\u00e9naline, adr\u00e9naline ).<\/p>\n<p>Pour parvenir au sommeil, il faut que les premiers gagnent en activit\u00e9 et que les seconds se fassent moins entendre. Cette r\u00e9gulation est sous la direction d&rsquo;une autre hormone, la m\u00e9latonine. Elle est le chef d&rsquo;orchestre du cycle jour-nuit appel\u00e9 aussi cycle circadien. C&rsquo;est la r\u00e9tine de l\u2019\u0153il, sensible au degr\u00e9 de luminosit\u00e9, qui relaie sans cesse l&rsquo;information jusqu&rsquo;a\u00cc\u0080 la glande c\u00e9r\u00e9brale, l&rsquo;\u00e9piphyse (glande pin\u00e9ale) qui secr\u00e8te la m\u00e9latonine. Quand la luminosit\u00e9 d\u00e9cro\u00eet, la production de m\u00e9latonine augmente et, a contrario, une lumi\u00e8re intense en fin de journ\u00e9e en emp\u00eache la production, ce qui retarde l&rsquo;endormissement.<\/p>\n<p>Sa s\u00e9cr\u00e9tion augmente avant le coucher avec un pic de s\u00e9cr\u00e9tion atteint entre 2 et 4 heures du matin. Voil\u00e0 pourquoi l&rsquo;utilisation, le soir, d&rsquo;\u00e9crans \u00e9clair\u00e9s peuvent perturber le r\u00e9glage de l&rsquo;horloge biologique.<\/p>\n<h3 id=\"pourquoi-dormir-n-est-ce-pas-une-perte-de-temps\">Pourquoi dormir ? N&rsquo;est-ce pas une perte de temps ?<\/h3>\n<p>Nous passons environ un tiers de notre vie \u00e0 dormir. Et c&rsquo;est absolument indispensable. Le sommeil est une fonction vitale qui permet de :<\/p>\n<ul>\n<li>Reposer le corps et les muscles,<\/li>\n<li>R\u00e9g\u00e9n\u00e9rer nos cellules, elles sont mieux nourries,<\/li>\n<li>S\u00e9cr\u00e9ter de l&rsquo;hormone de croissance (r\u00e9paration, cicatrisation ),<\/li>\n<li>Augmenter la production de la prolactine (hormone de la lactation),<\/li>\n<li>Renforcer nos d\u00e9fenses immunitaires : augmentation des globules blancs,<\/li>\n<li>Remettre nos pendules \u00e0 l&rsquo;heure : notre horloge biologique situ\u00e9e \u00e0 la base du cerveau, se synchronise la nuit. Elle rythme nos variations de temp\u00e9rature, notre s\u00e9cr\u00e9tion d&rsquo;hormones et nos rythmes de sommeil,<\/li>\n<li>R\u00e9guler l&rsquo;app\u00e9tit,<\/li>\n<li>Favoriser la maturation c\u00e9r\u00e9brale,<\/li>\n<li>Favoriser la m\u00e9moire et l&rsquo;apprentissage. On consid\u00e8re qu&rsquo;un adulte a besoin en moyenne de sept heures et demie de sommeil.<\/li>\n<\/ul>\n<h3 id=\"insomnies-l-ampleur-des-d-g-ts-\">Insomnies : l&rsquo;ampleur des d\u00e9g\u00e2ts<\/h3>\n<p>Selon une \u00e9tude \u00e9pid\u00e9miologique de l&rsquo;Institut de veille sanitaire publi\u00e9e en novembre 2012 : <em>Un Fran\u00e7ais sur trois (34 %) souffre de troubles du sommeil au moins trois nuits par semaine et un sur cinq est concern\u00e9 par l&rsquo;insomnie chronique. <\/em><\/p>\n<ul>\n<li>Les femmes sont plus touch\u00e9es que les hommes (39 % contre 29 %)<\/li>\n<li>Les troubles augmentent avec l&rsquo;\u00e2ge : ils concernent 44 % des personnes de plus de 75 ans, contre 22 % des 16-24 ans.<\/li>\n<li>Les moins de 25 ans, adeptes du Net et des r\u00e9seaux sociaux, ne dorment plus que 5h40 en moyenne par nuit !<\/li>\n<li>Pour un Fran\u00e7ais sur cinq, les troubles du sommeil ont des r\u00e9percussions dans la journ\u00e9e, principalement sous la forme de fatigue et de somnolence. Les troubles du sommeil : il faut connaitre ses ennemis !<\/li>\n<\/ul>\n<h3 id=\"voici-les-neuf-types-de-troubles-du-sommeil-que-l-on-distingue-\">Voici les neuf types de troubles du sommeil que l&rsquo;on distingue :<\/h3>\n<p>1. <strong>Difficult\u00e9s d&rsquo;endormissement<\/strong> principalement li\u00e9es \u00e0 la tension pulsionnelle \u00e9lev\u00e9e.<br \/>\n2. <strong>R\u00e9veils nocturnes<\/strong> li\u00e9s le plus souvent au stress, au surmenage, \u00e0 de l&rsquo;anxi\u00e9t\u00e9.<br \/>\n3. <strong>R\u00e9veils pr\u00e9coces<\/strong>, associ\u00e9s \u00e0 la d\u00e9pression.<br \/>\n4. <strong>D\u00e9r\u00e8glement de la chronobiologie<\/strong>, d\u00fb :<\/p>\n<p>&#8211; A l&rsquo;\u00e9clairage artificiel\/manque de lumi\u00e8re naturelle<br \/>\n&#8211; A l&rsquo;exposition tardive aux \u00e9crans<br \/>\n&#8211; A des activit\u00e9s\/\u00e9motions trop intenses en fin de journ\u00e9e<br \/>\n&#8211; A l&rsquo;adolescence<br \/>\n&#8211; A la d\u00e9pression saisonni\u00e8re<\/p>\n<p>5. <strong>Sommeil non r\u00e9cup\u00e9rateur<\/strong>, qui peut \u00eatre li\u00e9 \u00e0 :<\/p>\n<p>&#8211; Des d\u00eeners trop copieux, trop prot\u00e9in\u00e9s, trop d&rsquo;alcool<br \/>\n&#8211; Des intol\u00e9rances alimentaires (l&rsquo;intol\u00e9rance au lait de vache est une des premi\u00e8res causes d&rsquo;insomnie chez le nourrisson)<br \/>\n&#8211; Des activit\u00e9s trop intenses en fin de journ\u00e9e<br \/>\n&#8211; La consommation de tabac<br \/>\n&#8211; La prise d&rsquo;hypnotiques (somnif\u00e8res) qui suppriment les phases de r\u00e9cup\u00e9ration actives du sommeil<br \/>\n&#8211; Un manque d&rsquo;a\u00e9ration de la chambre<br \/>\n&#8211; Un environnement d\u00e9favorable (bruit, chaleur\/froid, s\u00e9cheresse\/humidit\u00e9&#8230;)<br \/>\n&#8211; Une apn\u00e9e du sommeil<br \/>\n&#8211; Un syndrome des jambes sans repos<\/p>\n<p>6. <strong>Les troubles du sommeil engendr\u00e9s par la consommation de m\u00e9dicaments<\/strong>. Ces derniers sont nombreux \u00e0 alt\u00e9rer le sommeil : les hypotenseurs, les antid\u00e9presseurs, les diur\u00e9tiques, la nicotine, les drogues illicites, l&rsquo;alcool<br \/>\n7. <strong>Les troubles du sommeil associ\u00e9s \u00e0 des maladies<\/strong> comme les pathologies cardiovasculaires, le diab\u00e8te, l&rsquo;arthrose, la migraine, les difficult\u00e9s respiratoires<br \/>\n8. <strong>Les hypersomnies<\/strong> (dur\u00e9e excessive de sommeil) et la narcolepsie.<br \/>\n9. <strong>Les parasomnies<\/strong> (comme le somnambulisme, qui touche 17 % des enfants et 4 % des adultes).<\/p>\n<div class=\"code-block code-block-n\" style=\"margin: 8px 0;clear: both;text-align: center\"><a href=\"https:\/\/www.medoucine.com\/blog\/\/guides\/arreter-de-fumer-avec-lhypnose\/\" target=\"_blank\" rel=\"noopener noreferrer\"><img decoding=\"async\" src=\"https:\/\/www.medoucine.com\/blog\/\/wp-content\/uploads\/2021\/02\/B2C_GUIDE_Banniere-in-article-600x200-3.png\" alt=\"Guide gratuit\" \/><\/a><\/div>\n<h3 id=\"les-cons-quences-du-manque-de-sommeil-\">Les cons\u00e9quences du manque de sommeil :<\/h3>\n<p>&#8211; La fatigue,<br \/>\n&#8211; Une baisse des performances physiques et intellectuelles,<br \/>\n&#8211; L&rsquo; alt\u00e9ration de la vigilance et des capacit\u00e9s d&rsquo;adaptation,<br \/>\n&#8211; La vuln\u00e9rabilit\u00e9 au stress, l&rsquo;anxi\u00e9t\u00e9, la d\u00e9pression,<br \/>\n&#8211; Un d\u00e9ficit de contr\u00f4le pulsionnel,<br \/>\n&#8211; Un d\u00e9r\u00e8glement de l&rsquo;app\u00e9tit, surpoids, diab\u00e8te,<br \/>\n&#8211; Une baisse des d\u00e9fenses immunitaires,<br \/>\n&#8211; Une augmentation des ph\u00e9nom\u00e8nes inflammatoires,<br \/>\n&#8211; Une augmentation de la perception de douleurs,<br \/>\n&#8211; Les maladies cardiovasculaires<\/p>\n<h3 id=\"12-mesures-de-base-pour-mieux-dormir\">12 mesures de base pour mieux dormir<\/h3>\n<p>1. Le matelas influence la qualit\u00e9 du sommeil. Un bon matelas est un matelas qui, en r\u00e9duisant les points de pression, diminue d&rsquo;autant le nombre de fois o\u00f9 l&rsquo;on aura \u00e0 changer de position. Un matelas assez ferme recouvert d&rsquo;un surmatelas moelleux peut \u00eatre un bon compromis.<br \/>\n2. La temp\u00e9rature du corps chute naturellement \u00e0 partir de 21h afin de ralentir le m\u00e9tabolisme et pr\u00e9parer au sommeil. Pour ne pas contrarier ce ph\u00e9nom\u00e8ne naturel, mieux vaut garder la chambre \u00e0 une temp\u00e9rature comprise entre 15 et 20\u00b0. 3. Favoriser l&rsquo;exposition \u00e0 la lumi\u00e8re naturelle, en particulier le matin.<br \/>\n4. Le soir, \u00e9viter l&rsquo;exposition \u00e0 des \u00e9clairages intenses et aux \u00e9crans<br \/>\n5. Eviter les siestes prolong\u00e9es<br \/>\n6. R\u00e9gulariser les heures du coucher et du lever<br \/>\n7. S&rsquo;investir intens\u00e9ment, en journ\u00e9e, dans des activit\u00e9s professionnelles, ludiques, sportives<br \/>\n8. Placer en fin de journ\u00e9e, des moments de d\u00e9tente<br \/>\n9. Ne pas rater le moment le plus opportun de se coucher<br \/>\n10. Faire un petit d\u00e9jeuner complet \u00e0 dominante prot\u00e9in\u00e9e et un d\u00eener l\u00e9ger \u00e0 dominante glucidique, sans alcool ni sucreries.<br \/>\n11. Eviter en deuxi\u00e8me partie de journ\u00e9e les excitants : caf\u00e9, sodas, boissons \u00e9nergisantes, th\u00e9 noir, chocolat&#8230;<br \/>\n12. Ne pas fumer (effet vasoconstricteur au profit du d\u00e9bit c\u00e9r\u00e9bral sanguin)<\/p>\n<h3 id=\"les-plantes-et-compl-ments-alimentaires-pour-mieux-dormir\">Les plantes et compl\u00e9ments alimentaires pour mieux dormir<\/h3>\n<ul>\n<li>Les huiles essentielles qui apaisent et favorisent le sommeil : lavande vraie, mandarine, orange douce, ravintsara, marjolaine, camomille noble<\/li>\n<li>L&rsquo;aub\u00e9pine vous aide \u00e0 vous d\u00e9tendre en soulageant votre c\u0153ur &#8211; surtout si vous faites de l&rsquo;hypertension.<\/li>\n<li>Le tilleul comme s\u00e9datif<\/li>\n<li>La val\u00e9riane am\u00e9liore la qualit\u00e9 du sommeil<\/li>\n<li>L&rsquo;eschscholtzia est s\u00e9dative, inductrice de sommeil et anxiolytique<\/li>\n<li>Le tryptophane est un acide amine\u00cc\u0081 pr\u00e9curseur de la s\u00e9rotonine, le fameux neurotransmetteur apaisant, elle-m\u00eame pr\u00e9curseur de la m\u00e9latonine.<\/li>\n<li>La the\u00efnine est pr\u00e9sente dans le th\u00e9 augmente naturellement le niveau de GABA dans le cerveau. On a vu que le GABA est le neurotransmetteur calmant qui conduit au sommeil.<\/li>\n<li>Les vitamines du groupe B, et notamment la vitamine B9. Elle est n\u00e9cessaire \u00e0 la fabrication de plusieurs neurotransmetteurs dont la s\u00e9rotonine.<\/li>\n<li>Le magn\u00e9sium intervient dans de nombreux m\u00e9canismes du sommeil comme l&rsquo;induction du sommeil et la chronobiologie, la structuration du sommeil, la qualit\u00e9 r\u00e9cup\u00e9ratrice du sommeil, les sources d&rsquo;insomnie (stress, hypervigilance, suractivit\u00e9 ).<\/li>\n<\/ul>\n<h2 id=\"la-reflexologie-plantaire-une-technique-manuelle-tout-indiqu-e-pour-les-troubles-du-sommeil\">La reflexologie plantaire, une technique manuelle tout indiqu\u00e9e pour les troubles du sommeil<\/h2>\n<p>La r\u00e9flexologie consiste en la dissipation des tensions et blocages par une pratique adapt\u00e9e de digito-pression.<br \/>\nPar un toucher sp\u00e9cifique de zones dites r\u00e9flexes, sur les pieds, correspondant aux tissus et aux organes du corps, le r\u00e9flexologue favorise une relaxation globale, pr\u00e9vient des troubles fonctionnels de sant\u00e9 et stimule les fonctions d&rsquo;autor\u00e9gulation.<\/p>\n<p>Cette approche globale du corps am\u00e9liore la qualit\u00e9 de vie et le bien-\u00eatre. Apr\u00e8s trois ou quatre s\u00e9ances, la personne trait\u00e9e verra la qualit\u00e9 de son sommeil s&rsquo;am\u00e9liorer et le temps de l&rsquo;endormissement se r\u00e9duire. Si l&rsquo;insomnie est bien install\u00e9e, il faudra poursuivre les s\u00e9ances.<\/p>\n<p>Le sommeil n&rsquo;est pas une variable d&rsquo;ajustement pour avoir plus de temps.<br \/>\n13% des 25 &#8211; 45 ans consid\u00e8rent que dormir est une perte de temps ! La vision du sommeil comme un \u00e9tat passif est une vision d\u00e9pass\u00e9e. Ce n&rsquo;est que depuis un demi-si\u00e8cle que nous nous rendons compte que la qualit\u00e9 de notre sommeil est d\u00e9terminante pour notre \u00e9tat de sant\u00e9.<\/p>\n<p>Aujourd&rsquo;hui, les perturbations du sommeil &#8211; avec les d\u00e9ficits et les surcharges nutritionnelles, l&rsquo;exposition aux polluants, le tabac et autres conduites addictives, le stress et la s\u00e9dentarit\u00e9 -, sont consid\u00e9r\u00e9s une des composantes \u00e0 l&rsquo;origine de l&rsquo;explosion de presque toutes les pathologies dans les populations des pays d\u00e9velopp\u00e9s : cancers, troubles cardio-vasculaires, maladies neurod\u00e9g\u00e9n\u00e9ratives.<\/p>\n<p>Une dette de sommeil ne se r\u00e9cup\u00e8re pas Alors prenez-en soin !<\/p>\n<p>Par <a href=\"https:\/\/www.medoucine.com\/consultation\/palaiseau\/michel-pereira-naturopathe-reflexologue-paris\/233\">Michel Pereira, naturopathe et r\u00e9flexologue recommand\u00e9 du r\u00e9seau M\u00e9doucine, vous explique comment traiter les insomnies sans somnif\u00e8res. <\/a><\/p>\n<p><a href=\"https:\/\/michelpereira.fr\">Cliquez ici pour d\u00e9couvrir son site. <\/a><\/p>\n<p><strong>A lire aussi :\u00a0<\/strong><\/p>\n<ul>\n<li><a href=\"https:\/\/www.medoucine.com\/blog\/\/le-top-5-des-anti-depresseurs-naturels\/\">Le top 5 des anti-d\u00e9presseurs naturels<\/a><\/li>\n<li><a href=\"https:\/\/www.medoucine.com\/blog\/\/quelles-sont-les-alternatives-naturelles-a-laspirine\/\">Quelles sont les alternatives naturelles \u00e0 l\u2019aspirine ?<\/a><\/li>\n<\/ul>\n","protected":false},"excerpt":{"rendered":"<p>Le sommeil est l&rsquo;un des meilleurs m\u00e9dicaments naturels dont nous disposons pour nous remettre en \u00e9tat psychiquement et physiquement.  Voici quelques conseils pour en prendre soin!<\/p>\n","protected":false},"author":34,"featured_media":847,"comment_status":"open","ping_status":"open","sticky":false,"template":"","format":"standard","meta":{"_acf_changed":false,"footnotes":""},"categories":[106,109],"tags":[25,295,32],"class_list":["post-12150","post","type-post","status-publish","format-standard","has-post-thumbnail","hentry","category-sante","category-sommeil","tag-reflexologie","tag-sommeil","tag-troubles-du-sommeil"],"acf":[],"yoast_head":"<!-- This site is optimized with the Yoast SEO plugin v27.1.1 - https:\/\/yoast.com\/product\/yoast-seo-wordpress\/ -->\n<title>Comment limiter les troubles du sommeil sans m\u00e9dicaments ? ~ Blog de Medoucine<\/title>\n<meta name=\"description\" content=\"Le sommeil est l&#039;un des meilleurs m\u00e9dicaments naturels dont nous disposons pour nous remettre en \u00e9tat psychiquement et physiquement. Voici quelques conseils pour en prendre soin!\" \/>\n<meta name=\"robots\" content=\"index, follow, max-snippet:-1, max-image-preview:large, max-video-preview:-1\" \/>\n<link rel=\"canonical\" href=\"https:\/\/www.medoucine.com\/blog\/comment-traiter-les-troubles-du-sommeil-sans-medicaments\/\" \/>\n<meta property=\"og:locale\" content=\"fr_FR\" \/>\n<meta property=\"og:type\" content=\"article\" \/>\n<meta property=\"og:title\" content=\"Comment limiter les troubles du sommeil sans m\u00e9dicaments ? ~ Blog de Medoucine\" \/>\n<meta property=\"og:description\" content=\"Le sommeil est l&#039;un des meilleurs m\u00e9dicaments naturels dont nous disposons pour nous remettre en \u00e9tat psychiquement et physiquement. Voici quelques conseils pour en prendre soin!\" \/>\n<meta property=\"og:url\" content=\"https:\/\/www.medoucine.com\/blog\/comment-traiter-les-troubles-du-sommeil-sans-medicaments\/\" \/>\n<meta property=\"og:site_name\" content=\"Blog de Medoucine\" \/>\n<meta property=\"article:publisher\" content=\"https:\/\/www.facebook.com\/medoucine\/\" \/>\n<meta property=\"article:published_time\" content=\"2019-07-22T22:00:00+00:00\" \/>\n<meta property=\"article:modified_time\" content=\"2026-04-08T17:09:39+00:00\" \/>\n<meta property=\"og:image\" content=\"https:\/\/www.medoucine.com\/blog\/wp-content\/uploads\/2019\/07\/photo-1513560113100-8fa7a20b6ee6.jpeg\" \/>\n\t<meta property=\"og:image:width\" content=\"1080\" \/>\n\t<meta property=\"og:image:height\" content=\"810\" \/>\n\t<meta property=\"og:image:type\" content=\"image\/jpeg\" \/>\n<meta name=\"author\" content=\"Michel Pereira\" \/>\n<meta name=\"twitter:card\" content=\"summary_large_image\" \/>\n<meta name=\"twitter:creator\" content=\"@medoucinefr\" \/>\n<meta name=\"twitter:site\" content=\"@medoucinefr\" \/>\n<meta name=\"twitter:label1\" content=\"\u00c9crit par\" \/>\n\t<meta name=\"twitter:data1\" content=\"Michel Pereira\" \/>\n\t<meta name=\"twitter:label2\" content=\"Dur\u00e9e de lecture estim\u00e9e\" \/>\n\t<meta name=\"twitter:data2\" content=\"9 minutes\" \/>\n<script type=\"application\/ld+json\" class=\"yoast-schema-graph\">{\"@context\":\"https:\/\/schema.org\",\"@graph\":[{\"@type\":\"Article\",\"@id\":\"https:\/\/www.medoucine.com\/blog\/comment-traiter-les-troubles-du-sommeil-sans-medicaments\/#article\",\"isPartOf\":{\"@id\":\"https:\/\/www.medoucine.com\/blog\/comment-traiter-les-troubles-du-sommeil-sans-medicaments\/\"},\"author\":{\"name\":\"Michel Pereira\",\"@id\":\"https:\/\/www.medoucine.com\/blog\/#\/schema\/person\/40a679995a6de166280331797c5f8a89\"},\"headline\":\"Comment limiter les troubles du sommeil sans m\u00e9dicaments ?\",\"datePublished\":\"2019-07-22T22:00:00+00:00\",\"dateModified\":\"2026-04-08T17:09:39+00:00\",\"mainEntityOfPage\":{\"@id\":\"https:\/\/www.medoucine.com\/blog\/comment-traiter-les-troubles-du-sommeil-sans-medicaments\/\"},\"wordCount\":1840,\"commentCount\":1,\"publisher\":{\"@id\":\"https:\/\/www.medoucine.com\/blog\/#organization\"},\"image\":{\"@id\":\"https:\/\/www.medoucine.com\/blog\/comment-traiter-les-troubles-du-sommeil-sans-medicaments\/#primaryimage\"},\"thumbnailUrl\":\"https:\/\/www.medoucine.com\/blog\/wp-content\/uploads\/2019\/07\/photo-1513560113100-8fa7a20b6ee6.jpeg\",\"keywords\":[\"R\u00e9fl\u00e9xologie\",\"sommeil\",\"Troubles du sommeil\"],\"articleSection\":[\"Sant\u00e9\",\"Sommeil\"],\"inLanguage\":\"fr-FR\",\"potentialAction\":[{\"@type\":\"CommentAction\",\"name\":\"Comment\",\"target\":[\"https:\/\/www.medoucine.com\/blog\/comment-traiter-les-troubles-du-sommeil-sans-medicaments\/#respond\"]}]},{\"@type\":\"WebPage\",\"@id\":\"https:\/\/www.medoucine.com\/blog\/comment-traiter-les-troubles-du-sommeil-sans-medicaments\/\",\"url\":\"https:\/\/www.medoucine.com\/blog\/comment-traiter-les-troubles-du-sommeil-sans-medicaments\/\",\"name\":\"Comment limiter les troubles du sommeil sans m\u00e9dicaments ? ~ Blog de Medoucine\",\"isPartOf\":{\"@id\":\"https:\/\/www.medoucine.com\/blog\/#website\"},\"primaryImageOfPage\":{\"@id\":\"https:\/\/www.medoucine.com\/blog\/comment-traiter-les-troubles-du-sommeil-sans-medicaments\/#primaryimage\"},\"image\":{\"@id\":\"https:\/\/www.medoucine.com\/blog\/comment-traiter-les-troubles-du-sommeil-sans-medicaments\/#primaryimage\"},\"thumbnailUrl\":\"https:\/\/www.medoucine.com\/blog\/wp-content\/uploads\/2019\/07\/photo-1513560113100-8fa7a20b6ee6.jpeg\",\"datePublished\":\"2019-07-22T22:00:00+00:00\",\"dateModified\":\"2026-04-08T17:09:39+00:00\",\"description\":\"Le sommeil est l'un des meilleurs m\u00e9dicaments naturels dont nous disposons pour nous remettre en \u00e9tat psychiquement et physiquement. Voici quelques conseils pour en prendre soin!\",\"breadcrumb\":{\"@id\":\"https:\/\/www.medoucine.com\/blog\/comment-traiter-les-troubles-du-sommeil-sans-medicaments\/#breadcrumb\"},\"inLanguage\":\"fr-FR\",\"potentialAction\":[{\"@type\":\"ReadAction\",\"target\":[\"https:\/\/www.medoucine.com\/blog\/comment-traiter-les-troubles-du-sommeil-sans-medicaments\/\"]}]},{\"@type\":\"ImageObject\",\"inLanguage\":\"fr-FR\",\"@id\":\"https:\/\/www.medoucine.com\/blog\/comment-traiter-les-troubles-du-sommeil-sans-medicaments\/#primaryimage\",\"url\":\"https:\/\/www.medoucine.com\/blog\/wp-content\/uploads\/2019\/07\/photo-1513560113100-8fa7a20b6ee6.jpeg\",\"contentUrl\":\"https:\/\/www.medoucine.com\/blog\/wp-content\/uploads\/2019\/07\/photo-1513560113100-8fa7a20b6ee6.jpeg\",\"width\":1080,\"height\":810,\"caption\":\"Comment limiter les troubles du sommeil sans m\u00e9dicaments ?\"},{\"@type\":\"BreadcrumbList\",\"@id\":\"https:\/\/www.medoucine.com\/blog\/comment-traiter-les-troubles-du-sommeil-sans-medicaments\/#breadcrumb\",\"itemListElement\":[{\"@type\":\"ListItem\",\"position\":1,\"name\":\"Blog Medoucine\",\"item\":\"https:\/\/www.medoucine.com\/blog\/\"},{\"@type\":\"ListItem\",\"position\":2,\"name\":\"Sant\u00e9\",\"item\":\"https:\/\/www.medoucine.com\/blog\/cat\/sante\/\"},{\"@type\":\"ListItem\",\"position\":3,\"name\":\"Sommeil\",\"item\":\"https:\/\/www.medoucine.com\/blog\/cat\/sante\/sommeil\/\"},{\"@type\":\"ListItem\",\"position\":4,\"name\":\"Comment limiter les troubles du sommeil sans m\u00e9dicaments ?\"}]},{\"@type\":\"WebSite\",\"@id\":\"https:\/\/www.medoucine.com\/blog\/#website\",\"url\":\"https:\/\/www.medoucine.com\/blog\/\",\"name\":\"Blog de Medoucine\",\"description\":\"Le blog des m\u00e9decines douces\",\"publisher\":{\"@id\":\"https:\/\/www.medoucine.com\/blog\/#organization\"},\"potentialAction\":[{\"@type\":\"SearchAction\",\"target\":{\"@type\":\"EntryPoint\",\"urlTemplate\":\"https:\/\/www.medoucine.com\/blog\/?s={search_term_string}\"},\"query-input\":{\"@type\":\"PropertyValueSpecification\",\"valueRequired\":true,\"valueName\":\"search_term_string\"}}],\"inLanguage\":\"fr-FR\"},{\"@type\":\"Organization\",\"@id\":\"https:\/\/www.medoucine.com\/blog\/#organization\",\"name\":\"Medoucine\",\"url\":\"https:\/\/www.medoucine.com\/blog\/\",\"logo\":{\"@type\":\"ImageObject\",\"inLanguage\":\"fr-FR\",\"@id\":\"https:\/\/www.medoucine.com\/blog\/#\/schema\/logo\/image\/\",\"url\":\"https:\/\/www.medoucine.com\/blog\/wp-content\/uploads\/2019\/07\/logo@3x.png\",\"contentUrl\":\"https:\/\/www.medoucine.com\/blog\/wp-content\/uploads\/2019\/07\/logo@3x.png\",\"width\":555,\"height\":135,\"caption\":\"Medoucine\"},\"image\":{\"@id\":\"https:\/\/www.medoucine.com\/blog\/#\/schema\/logo\/image\/\"},\"sameAs\":[\"https:\/\/www.facebook.com\/medoucine\/\",\"https:\/\/x.com\/medoucinefr\",\"https:\/\/www.instagram.com\/medoucine\/\",\"https:\/\/www.youtube.com\/channel\/UCtZeUeJ_KebYK0KJAXjJV8g\"]},{\"@type\":\"Person\",\"@id\":\"https:\/\/www.medoucine.com\/blog\/#\/schema\/person\/40a679995a6de166280331797c5f8a89\",\"name\":\"Michel Pereira\",\"image\":{\"@type\":\"ImageObject\",\"inLanguage\":\"fr-FR\",\"@id\":\"https:\/\/www.medoucine.com\/blog\/#\/schema\/person\/image\/\",\"url\":\"https:\/\/secure.gravatar.com\/avatar\/67c08ef5d1272dc1a1ca43676f3770c45384d46ef095252718a3920fe9421925?s=96&d=mm&r=g\",\"contentUrl\":\"https:\/\/secure.gravatar.com\/avatar\/67c08ef5d1272dc1a1ca43676f3770c45384d46ef095252718a3920fe9421925?s=96&d=mm&r=g\",\"caption\":\"Michel Pereira\"},\"description\":\"Praticen en Naturopathie, R\u00e9flexologie, Massage Ventouses\",\"sameAs\":[\"https:\/\/www.medoucine.com\/consultation\/palaiseau\/michel-pereira-naturopathe-reflexologue-paris\/233\"],\"url\":\"https:\/\/www.medoucine.com\/blog\/author\/michel-pereira\/\"}]}<\/script>\n<!-- \/ Yoast SEO plugin. -->","yoast_head_json":{"title":"Comment limiter les troubles du sommeil sans m\u00e9dicaments ? ~ Blog de Medoucine","description":"Le sommeil est l'un des meilleurs m\u00e9dicaments naturels dont nous disposons pour nous remettre en \u00e9tat psychiquement et physiquement. Voici quelques conseils pour en prendre soin!","robots":{"index":"index","follow":"follow","max-snippet":"max-snippet:-1","max-image-preview":"max-image-preview:large","max-video-preview":"max-video-preview:-1"},"canonical":"https:\/\/www.medoucine.com\/blog\/comment-traiter-les-troubles-du-sommeil-sans-medicaments\/","og_locale":"fr_FR","og_type":"article","og_title":"Comment limiter les troubles du sommeil sans m\u00e9dicaments ? ~ Blog de Medoucine","og_description":"Le sommeil est l'un des meilleurs m\u00e9dicaments naturels dont nous disposons pour nous remettre en \u00e9tat psychiquement et physiquement. Voici quelques conseils pour en prendre soin!","og_url":"https:\/\/www.medoucine.com\/blog\/comment-traiter-les-troubles-du-sommeil-sans-medicaments\/","og_site_name":"Blog de Medoucine","article_publisher":"https:\/\/www.facebook.com\/medoucine\/","article_published_time":"2019-07-22T22:00:00+00:00","article_modified_time":"2026-04-08T17:09:39+00:00","og_image":[{"width":1080,"height":810,"url":"https:\/\/www.medoucine.com\/blog\/wp-content\/uploads\/2019\/07\/photo-1513560113100-8fa7a20b6ee6.jpeg","type":"image\/jpeg"}],"author":"Michel Pereira","twitter_card":"summary_large_image","twitter_creator":"@medoucinefr","twitter_site":"@medoucinefr","twitter_misc":{"\u00c9crit par":"Michel Pereira","Dur\u00e9e de lecture estim\u00e9e":"9 minutes"},"schema":{"@context":"https:\/\/schema.org","@graph":[{"@type":"Article","@id":"https:\/\/www.medoucine.com\/blog\/comment-traiter-les-troubles-du-sommeil-sans-medicaments\/#article","isPartOf":{"@id":"https:\/\/www.medoucine.com\/blog\/comment-traiter-les-troubles-du-sommeil-sans-medicaments\/"},"author":{"name":"Michel Pereira","@id":"https:\/\/www.medoucine.com\/blog\/#\/schema\/person\/40a679995a6de166280331797c5f8a89"},"headline":"Comment limiter les troubles du sommeil sans m\u00e9dicaments ?","datePublished":"2019-07-22T22:00:00+00:00","dateModified":"2026-04-08T17:09:39+00:00","mainEntityOfPage":{"@id":"https:\/\/www.medoucine.com\/blog\/comment-traiter-les-troubles-du-sommeil-sans-medicaments\/"},"wordCount":1840,"commentCount":1,"publisher":{"@id":"https:\/\/www.medoucine.com\/blog\/#organization"},"image":{"@id":"https:\/\/www.medoucine.com\/blog\/comment-traiter-les-troubles-du-sommeil-sans-medicaments\/#primaryimage"},"thumbnailUrl":"https:\/\/www.medoucine.com\/blog\/wp-content\/uploads\/2019\/07\/photo-1513560113100-8fa7a20b6ee6.jpeg","keywords":["R\u00e9fl\u00e9xologie","sommeil","Troubles du sommeil"],"articleSection":["Sant\u00e9","Sommeil"],"inLanguage":"fr-FR","potentialAction":[{"@type":"CommentAction","name":"Comment","target":["https:\/\/www.medoucine.com\/blog\/comment-traiter-les-troubles-du-sommeil-sans-medicaments\/#respond"]}]},{"@type":"WebPage","@id":"https:\/\/www.medoucine.com\/blog\/comment-traiter-les-troubles-du-sommeil-sans-medicaments\/","url":"https:\/\/www.medoucine.com\/blog\/comment-traiter-les-troubles-du-sommeil-sans-medicaments\/","name":"Comment limiter les troubles du sommeil sans m\u00e9dicaments ? ~ Blog de Medoucine","isPartOf":{"@id":"https:\/\/www.medoucine.com\/blog\/#website"},"primaryImageOfPage":{"@id":"https:\/\/www.medoucine.com\/blog\/comment-traiter-les-troubles-du-sommeil-sans-medicaments\/#primaryimage"},"image":{"@id":"https:\/\/www.medoucine.com\/blog\/comment-traiter-les-troubles-du-sommeil-sans-medicaments\/#primaryimage"},"thumbnailUrl":"https:\/\/www.medoucine.com\/blog\/wp-content\/uploads\/2019\/07\/photo-1513560113100-8fa7a20b6ee6.jpeg","datePublished":"2019-07-22T22:00:00+00:00","dateModified":"2026-04-08T17:09:39+00:00","description":"Le sommeil est l'un des meilleurs m\u00e9dicaments naturels dont nous disposons pour nous remettre en \u00e9tat psychiquement et physiquement. Voici quelques conseils pour en prendre soin!","breadcrumb":{"@id":"https:\/\/www.medoucine.com\/blog\/comment-traiter-les-troubles-du-sommeil-sans-medicaments\/#breadcrumb"},"inLanguage":"fr-FR","potentialAction":[{"@type":"ReadAction","target":["https:\/\/www.medoucine.com\/blog\/comment-traiter-les-troubles-du-sommeil-sans-medicaments\/"]}]},{"@type":"ImageObject","inLanguage":"fr-FR","@id":"https:\/\/www.medoucine.com\/blog\/comment-traiter-les-troubles-du-sommeil-sans-medicaments\/#primaryimage","url":"https:\/\/www.medoucine.com\/blog\/wp-content\/uploads\/2019\/07\/photo-1513560113100-8fa7a20b6ee6.jpeg","contentUrl":"https:\/\/www.medoucine.com\/blog\/wp-content\/uploads\/2019\/07\/photo-1513560113100-8fa7a20b6ee6.jpeg","width":1080,"height":810,"caption":"Comment limiter les troubles du sommeil sans m\u00e9dicaments ?"},{"@type":"BreadcrumbList","@id":"https:\/\/www.medoucine.com\/blog\/comment-traiter-les-troubles-du-sommeil-sans-medicaments\/#breadcrumb","itemListElement":[{"@type":"ListItem","position":1,"name":"Blog Medoucine","item":"https:\/\/www.medoucine.com\/blog\/"},{"@type":"ListItem","position":2,"name":"Sant\u00e9","item":"https:\/\/www.medoucine.com\/blog\/cat\/sante\/"},{"@type":"ListItem","position":3,"name":"Sommeil","item":"https:\/\/www.medoucine.com\/blog\/cat\/sante\/sommeil\/"},{"@type":"ListItem","position":4,"name":"Comment limiter les troubles du sommeil sans m\u00e9dicaments ?"}]},{"@type":"WebSite","@id":"https:\/\/www.medoucine.com\/blog\/#website","url":"https:\/\/www.medoucine.com\/blog\/","name":"Blog de Medoucine","description":"Le blog des m\u00e9decines douces","publisher":{"@id":"https:\/\/www.medoucine.com\/blog\/#organization"},"potentialAction":[{"@type":"SearchAction","target":{"@type":"EntryPoint","urlTemplate":"https:\/\/www.medoucine.com\/blog\/?s={search_term_string}"},"query-input":{"@type":"PropertyValueSpecification","valueRequired":true,"valueName":"search_term_string"}}],"inLanguage":"fr-FR"},{"@type":"Organization","@id":"https:\/\/www.medoucine.com\/blog\/#organization","name":"Medoucine","url":"https:\/\/www.medoucine.com\/blog\/","logo":{"@type":"ImageObject","inLanguage":"fr-FR","@id":"https:\/\/www.medoucine.com\/blog\/#\/schema\/logo\/image\/","url":"https:\/\/www.medoucine.com\/blog\/wp-content\/uploads\/2019\/07\/logo@3x.png","contentUrl":"https:\/\/www.medoucine.com\/blog\/wp-content\/uploads\/2019\/07\/logo@3x.png","width":555,"height":135,"caption":"Medoucine"},"image":{"@id":"https:\/\/www.medoucine.com\/blog\/#\/schema\/logo\/image\/"},"sameAs":["https:\/\/www.facebook.com\/medoucine\/","https:\/\/x.com\/medoucinefr","https:\/\/www.instagram.com\/medoucine\/","https:\/\/www.youtube.com\/channel\/UCtZeUeJ_KebYK0KJAXjJV8g"]},{"@type":"Person","@id":"https:\/\/www.medoucine.com\/blog\/#\/schema\/person\/40a679995a6de166280331797c5f8a89","name":"Michel Pereira","image":{"@type":"ImageObject","inLanguage":"fr-FR","@id":"https:\/\/www.medoucine.com\/blog\/#\/schema\/person\/image\/","url":"https:\/\/secure.gravatar.com\/avatar\/67c08ef5d1272dc1a1ca43676f3770c45384d46ef095252718a3920fe9421925?s=96&d=mm&r=g","contentUrl":"https:\/\/secure.gravatar.com\/avatar\/67c08ef5d1272dc1a1ca43676f3770c45384d46ef095252718a3920fe9421925?s=96&d=mm&r=g","caption":"Michel Pereira"},"description":"Praticen en Naturopathie, R\u00e9flexologie, Massage Ventouses","sameAs":["https:\/\/www.medoucine.com\/consultation\/palaiseau\/michel-pereira-naturopathe-reflexologue-paris\/233"],"url":"https:\/\/www.medoucine.com\/blog\/author\/michel-pereira\/"}]}},"_links":{"self":[{"href":"https:\/\/www.medoucine.com\/blog\/wp-json\/wp\/v2\/posts\/12150","targetHints":{"allow":["GET"]}}],"collection":[{"href":"https:\/\/www.medoucine.com\/blog\/wp-json\/wp\/v2\/posts"}],"about":[{"href":"https:\/\/www.medoucine.com\/blog\/wp-json\/wp\/v2\/types\/post"}],"author":[{"embeddable":true,"href":"https:\/\/www.medoucine.com\/blog\/wp-json\/wp\/v2\/users\/34"}],"replies":[{"embeddable":true,"href":"https:\/\/www.medoucine.com\/blog\/wp-json\/wp\/v2\/comments?post=12150"}],"version-history":[{"count":10,"href":"https:\/\/www.medoucine.com\/blog\/wp-json\/wp\/v2\/posts\/12150\/revisions"}],"predecessor-version":[{"id":43199,"href":"https:\/\/www.medoucine.com\/blog\/wp-json\/wp\/v2\/posts\/12150\/revisions\/43199"}],"wp:featuredmedia":[{"embeddable":true,"href":"https:\/\/www.medoucine.com\/blog\/wp-json\/wp\/v2\/media\/847"}],"wp:attachment":[{"href":"https:\/\/www.medoucine.com\/blog\/wp-json\/wp\/v2\/media?parent=12150"}],"wp:term":[{"taxonomy":"category","embeddable":true,"href":"https:\/\/www.medoucine.com\/blog\/wp-json\/wp\/v2\/categories?post=12150"},{"taxonomy":"post_tag","embeddable":true,"href":"https:\/\/www.medoucine.com\/blog\/wp-json\/wp\/v2\/tags?post=12150"}],"curies":[{"name":"wp","href":"https:\/\/api.w.org\/{rel}","templated":true}]}}