{"id":12136,"date":"2019-07-23T00:00:00","date_gmt":"2019-07-22T22:00:00","guid":{"rendered":"https:\/\/www.medoucine.com\/blog\/comment-accueillir-le-printemps-avec-nos-cinq-sens\/"},"modified":"2026-04-08T19:09:53","modified_gmt":"2026-04-08T17:09:53","slug":"comment-accueillir-le-printemps-avec-nos-cinq-sens","status":"publish","type":"post","link":"https:\/\/www.medoucine.com\/blog\/comment-accueillir-le-printemps-avec-nos-cinq-sens\/","title":{"rendered":"Comment apprendre \u00e0 se recentrer et accueillir le printemps avec nos cinq sens ?"},"content":{"rendered":"<p>Le 20 mars, nous entrons dans la saison du printemps. Quelles sensations cela provoquent en vous ?<\/p>\n<p>Peut-\u00eatre voyez-vous le vert vif de la nature ou les petits bourgeons qui apparaissent ? Peut-\u00eatre ressentez-vous l&rsquo;odeur de la pelouse fra\u00eechement tondue ?<\/p>\n<p><strong>Chaque moment de notre vie est accompagn\u00e9 de nos cinq sens.<\/strong> Nous avons tous des souvenirs sous forme de sensations. Nos sens sont des boosters de vie ! Voici un exercice propos\u00e9 par <a href=\"https:\/\/www.medoucine.com\/consultation\/bordeaux\/dominique-meunier\/667\">Dominique Meunier, sophrologue recommand\u00e9e du r\u00e9seau Medoucine<\/a> pour prendre quelques minutes au calme, dans la nature. <u><strong>L&rsquo;exercice audio est disponible \u00e9galement \u00e0 la fin de l&rsquo;article.<\/strong><\/u><\/p>\n<h3 id=\"prenez-de-grandes-respirations\">Prenez de grandes respirations<\/h3>\n<p>Assis sur un banc dans un parc ou dans votre jardin, apr\u00e8s avoir fait lentement trois grandes respirations abdominales, percevez la d\u00e9tente qui s&rsquo;installe en vous et invitez-la \u00e0 se d\u00e9ployer encore et encore dans toutes vos petites cellules.<\/p>\n<h3 id=\"restez-concentr-\">Restez concentr\u00e9<\/h3>\n<p>Concentrez-vous sur vos yeux. Ressentez leur forme, leur contour et la couleur de vos pupilles. Promenez votre regard autour de vous et observez les formes et les couleurs. Laissez \u00e9merger dans votre regard, ce qui vous \u00e9voque le printemps.<br \/>\nLe jaune ? Le vert ? Les premi\u00e8res feuilles ? Ou d&rsquo;autres \u00e9l\u00e9ments qui ne sont pas pr\u00e9sents autour de vous mais qui sont pr\u00e9sents dans votre conscience visuelle ? Accueillez tranquillement ces \u00e9vocations et ces visualisations sans les juger<\/p>\n<p><em><strong>Concentrez-vous sur vos oreilles.<\/strong> Ressentez leur forme et leur contour. Vous pouvez les toucher si vous en ressentez le besoin. Puis mettez-vous \u00e0 l&rsquo;\u00e9coute. A l&rsquo;\u00e9coute de votre propre souffle pour commencer. Puis \u00e0 l&rsquo;\u00e9coute, des bruits et des sons autour de vous. Quels sont-ils ? Le chant des oiseaux ? Le souffle du vent ? Ou d&rsquo;autres \u00e9l\u00e9ments qui ne sont pas pr\u00e9sents autour de vous mais qui sont pr\u00e9sents dans votre conscience auditive de la saison du printemps ? Accueillez ces sons et ces bruits pleinement sans les juger <\/em><\/p>\n<p><em><strong>Concentrez-vous sur votre nez.<\/strong> Ressentez sa forme et sa pr\u00e9sence. Vous pouvez le toucher si vous en ressentez le besoin. Puis prenez conscience de l&rsquo;air qui rentre par vos narines et qui en ressort un peu plus chaud. Prenez le temps de vivre ce mouvement d&rsquo;air dans votre nez. <\/em><br \/>\n<em>Ensuite \u00e9largissez votre ressenti aux odeurs et aux parfums printaniers que vous pouvez percevoir ici et maintenant. Quelle sorte d&rsquo;odeurs sentez-vous ? De quelle senteur s&rsquo;agit-il ? Peut-\u00eatre intuitivement, d&rsquo;autres odeurs qui ne sont pas pr\u00e9sentes autour de vous en ce printemps vous parviennent-elles via votre conscience olfactive ? Accueillez ces sensations pleinement sans les juger <\/em><\/p>\n<p><em><strong>Concentrez-vous sur votre bouche. <\/strong>Ressentez sa forme, d\u00e9collez votre langue, rel\u00e2chez votre m\u00e2choire. Vous pouvez d\u00e9glutir si vous en ressentez le besoin. Puis prenez conscience de la pr\u00e9sence de votre salive dans votre bouche. Prenez le temps de vivre cette sensation. Puis \u00e9largissez votre ressenti aux go\u00fbts et aux saveurs que le printemps \u00e9voque en vous. Quelle sorte de saveurs percevez-vous gr\u00e2ce \u00e0 votre conscience gustative ? Quels souvenirs printaniers votre palais a-t-il enregistr\u00e9s ? Accueillez ces sensations pleinement sans les juger <\/em><\/p>\n<p><em><strong>Concentrez-vous sur vos mains et sur la peau de votre visage. <\/strong>Touchez vos mains l&rsquo;une contre l&rsquo;autre pour percevoir la texture et la douceur de votre peau. Ressentez la peau de votre visage. Puis prenez conscience des sensations pr\u00e9sentes sur votre peau. Le soleil doux du printemps sur vos joues ? La chaleur discr\u00e8te dans le creux de vos mains ? Prenez le temps de vivre ces sensations. Puis \u00e9largissez votre ressenti aux autres sensations tactiles que le printemps \u00e9voque en vous. Que ressentez-vous dans vos mains ? Percevez-vous d&rsquo;autres textures ou mati\u00e8res qui vous \u00e9voquent le printemps gr\u00e2ce \u00e0 votre conscience tactile ? Accueillez ces sensations pleinement sans les juger <\/em><\/p>\n<p>Vous voil\u00e0 pr\u00eat, <strong>plus conscient<\/strong> pour ouvrir vos bras et votre coeur au printemps et <strong>plus \u00e0 l&rsquo;\u00e9coute<\/strong> de toutes ces sensations saisonni\u00e8res que nous adorons red\u00e9couvrir chaque ann\u00e9e.<\/p>\n<p><a href=\"https:\/\/www.medoucine.com\/consultation\/bordeaux\/dominique-meunier\/667\">Par Dominique Meunier, sophrologue recommand\u00e9e du r\u00e9seau Medoucine.<\/a><\/p>\n<figure class=\"kg-embed-card\"><\/figure>\n<div class=\"m-spin\">\n<p class=\"m-spin__text\"><strong>Retrouvez s\u00e9r\u00e9nit\u00e9 et bien-\u00eatre au printemps<\/strong><\/p>\n<p class=\"m-spin__text\">Le printemps est une p\u00e9riode de renouveau, mais aussi de d\u00e9s\u00e9quilibre pour l&rsquo;organisme. Pour accompagner ce changement, la sophrologie est une m\u00e9thode douce et efficace. Prenez rendez-vous avec un <a class=\"m-spin__link\" target=\"_blank\" rel=\"noopener noreferrer\" href=\"https:\/\/www.medoucine.com\/consultations\/se-soigner\/sophrologie\/bordeaux\/tous-publics\/a-domicile-ou-cabinet?utm_source=medoucine_blog_B2C&amp;utm_medium=article_blog&amp;utm_campaign=spin_seo\">Sophrologue \u00e0 Bordeaux<\/a>, un <a class=\"m-spin__link\" target=\"_blank\" rel=\"noopener noreferrer\" href=\"https:\/\/www.medoucine.com\/consultations\/se-soigner\/sophrologie\/nantes\/tous-publics\/a-domicile-ou-cabinet?utm_source=medoucine_blog_B2C&amp;utm_medium=article_blog&amp;utm_campaign=spin_seo\">Sophrologue \u00e0 Nantes<\/a> ou un <a class=\"m-spin__link\" target=\"_blank\" rel=\"noopener noreferrer\" href=\"https:\/\/www.medoucine.com\/consultations\/se-soigner\/sophrologie\/rennes\/tous-publics\/a-domicile-ou-cabinet?utm_source=medoucine_blog_B2C&amp;utm_medium=article_blog&amp;utm_campaign=spin_seo\">Sophrologue \u00e0 Rennes<\/a> pour apprendre \u00e0 g\u00e9rer le stress et retrouver votre \u00e9quilibre.<\/p>\n<p class=\"m-spin__text\">Vous souhaitez profiter pleinement de cette saison ? Trouvez des <a class=\"m-spin__link\" target=\"_blank\" rel=\"noopener noreferrer\" href=\"https:\/\/www.medoucine.com\/consultations\/se-soigner\/sophrologie\/autour-de-moi?utm_source=medoucine_blog_B2C&amp;utm_medium=article_blog&amp;utm_campaign=spin_seo\">Sophrologues pr\u00e8s de chez vous<\/a> pour vous accompagner vers un printemps \u00e9panoui.<\/p>\n<\/div>\n","protected":false},"excerpt":{"rendered":"<p>Un exercice propos\u00e9 par Dominique Meunier, sophrologue recommand\u00e9e du r\u00e9seau M\u00e9doucine pour prendre quelques minutes au calme, dans la nature.<\/p>\n","protected":false},"author":94,"featured_media":3522,"comment_status":"open","ping_status":"open","sticky":false,"template":"","format":"standard","meta":{"_acf_changed":false,"footnotes":""},"categories":[113,115],"tags":[294],"class_list":["post-12136","post","type-post","status-publish","format-standard","has-post-thumbnail","hentry","category-beaute-bien-etre","category-bien-etre","tag-printemps"],"acf":[],"yoast_head":"<!-- This site is optimized with the Yoast SEO plugin v27.1.1 - https:\/\/yoast.com\/product\/yoast-seo-wordpress\/ -->\n<title>Comment apprendre \u00e0 se recentrer et accueillir le printemps avec nos cinq sens ? ~ Blog de Medoucine<\/title>\n<meta name=\"description\" content=\"Un exercice propos\u00e9 par Dominique Meunier, sophrologue recommand\u00e9e du r\u00e9seau M\u00e9doucine pour prendre quelques minutes au calme, dans la nature.\" \/>\n<meta name=\"robots\" content=\"index, follow, max-snippet:-1, max-image-preview:large, max-video-preview:-1\" \/>\n<link rel=\"canonical\" href=\"https:\/\/www.medoucine.com\/blog\/comment-accueillir-le-printemps-avec-nos-cinq-sens\/\" \/>\n<meta property=\"og:locale\" content=\"fr_FR\" \/>\n<meta property=\"og:type\" content=\"article\" \/>\n<meta property=\"og:title\" content=\"Comment apprendre \u00e0 se recentrer et accueillir le printemps avec nos cinq sens ? ~ Blog de Medoucine\" \/>\n<meta property=\"og:description\" content=\"Un exercice propos\u00e9 par Dominique Meunier, sophrologue recommand\u00e9e du r\u00e9seau M\u00e9doucine pour prendre quelques minutes au calme, dans la nature.\" \/>\n<meta property=\"og:url\" content=\"https:\/\/www.medoucine.com\/blog\/comment-accueillir-le-printemps-avec-nos-cinq-sens\/\" \/>\n<meta property=\"og:site_name\" content=\"Blog de Medoucine\" \/>\n<meta property=\"article:publisher\" content=\"https:\/\/www.facebook.com\/medoucine\/\" \/>\n<meta property=\"article:published_time\" content=\"2019-07-22T22:00:00+00:00\" \/>\n<meta property=\"article:modified_time\" content=\"2026-04-08T17:09:53+00:00\" \/>\n<meta property=\"og:image\" content=\"https:\/\/www.medoucine.com\/blog\/wp-content\/uploads\/2019\/07\/bloom-blossom-children-36745.jpg\" \/>\n\t<meta property=\"og:image:width\" content=\"1280\" \/>\n\t<meta property=\"og:image:height\" content=\"853\" \/>\n\t<meta property=\"og:image:type\" content=\"image\/jpeg\" \/>\n<meta name=\"author\" content=\"Dominique Meunier\" \/>\n<meta name=\"twitter:card\" content=\"summary_large_image\" \/>\n<meta name=\"twitter:creator\" content=\"@medoucinefr\" \/>\n<meta name=\"twitter:site\" content=\"@medoucinefr\" \/>\n<meta name=\"twitter:label1\" content=\"\u00c9crit par\" \/>\n\t<meta name=\"twitter:data1\" content=\"Dominique Meunier\" \/>\n\t<meta name=\"twitter:label2\" content=\"Dur\u00e9e de lecture estim\u00e9e\" \/>\n\t<meta name=\"twitter:data2\" content=\"4 minutes\" \/>\n<script type=\"application\/ld+json\" class=\"yoast-schema-graph\">{\"@context\":\"https:\/\/schema.org\",\"@graph\":[{\"@type\":\"Article\",\"@id\":\"https:\/\/www.medoucine.com\/blog\/comment-accueillir-le-printemps-avec-nos-cinq-sens\/#article\",\"isPartOf\":{\"@id\":\"https:\/\/www.medoucine.com\/blog\/comment-accueillir-le-printemps-avec-nos-cinq-sens\/\"},\"author\":{\"name\":\"Dominique Meunier\",\"@id\":\"https:\/\/www.medoucine.com\/blog\/#\/schema\/person\/d958fee486a24acad35c4b4ea6024271\"},\"headline\":\"Comment apprendre \u00e0 se recentrer et accueillir le printemps avec nos cinq sens ?\",\"datePublished\":\"2019-07-22T22:00:00+00:00\",\"dateModified\":\"2026-04-08T17:09:53+00:00\",\"mainEntityOfPage\":{\"@id\":\"https:\/\/www.medoucine.com\/blog\/comment-accueillir-le-printemps-avec-nos-cinq-sens\/\"},\"wordCount\":771,\"commentCount\":0,\"publisher\":{\"@id\":\"https:\/\/www.medoucine.com\/blog\/#organization\"},\"image\":{\"@id\":\"https:\/\/www.medoucine.com\/blog\/comment-accueillir-le-printemps-avec-nos-cinq-sens\/#primaryimage\"},\"thumbnailUrl\":\"https:\/\/www.medoucine.com\/blog\/wp-content\/uploads\/2019\/07\/bloom-blossom-children-36745.jpg\",\"keywords\":[\"printemps\"],\"articleSection\":[\"Beaut\u00e9 &amp; Bien-\u00eatre\",\"Bien-\u00eatre\"],\"inLanguage\":\"fr-FR\",\"potentialAction\":[{\"@type\":\"CommentAction\",\"name\":\"Comment\",\"target\":[\"https:\/\/www.medoucine.com\/blog\/comment-accueillir-le-printemps-avec-nos-cinq-sens\/#respond\"]}]},{\"@type\":\"WebPage\",\"@id\":\"https:\/\/www.medoucine.com\/blog\/comment-accueillir-le-printemps-avec-nos-cinq-sens\/\",\"url\":\"https:\/\/www.medoucine.com\/blog\/comment-accueillir-le-printemps-avec-nos-cinq-sens\/\",\"name\":\"Comment apprendre \u00e0 se recentrer et accueillir le printemps avec nos cinq sens ? ~ Blog de Medoucine\",\"isPartOf\":{\"@id\":\"https:\/\/www.medoucine.com\/blog\/#website\"},\"primaryImageOfPage\":{\"@id\":\"https:\/\/www.medoucine.com\/blog\/comment-accueillir-le-printemps-avec-nos-cinq-sens\/#primaryimage\"},\"image\":{\"@id\":\"https:\/\/www.medoucine.com\/blog\/comment-accueillir-le-printemps-avec-nos-cinq-sens\/#primaryimage\"},\"thumbnailUrl\":\"https:\/\/www.medoucine.com\/blog\/wp-content\/uploads\/2019\/07\/bloom-blossom-children-36745.jpg\",\"datePublished\":\"2019-07-22T22:00:00+00:00\",\"dateModified\":\"2026-04-08T17:09:53+00:00\",\"description\":\"Un exercice propos\u00e9 par Dominique Meunier, sophrologue recommand\u00e9e du r\u00e9seau M\u00e9doucine pour prendre quelques minutes au calme, dans la nature.\",\"breadcrumb\":{\"@id\":\"https:\/\/www.medoucine.com\/blog\/comment-accueillir-le-printemps-avec-nos-cinq-sens\/#breadcrumb\"},\"inLanguage\":\"fr-FR\",\"potentialAction\":[{\"@type\":\"ReadAction\",\"target\":[\"https:\/\/www.medoucine.com\/blog\/comment-accueillir-le-printemps-avec-nos-cinq-sens\/\"]}]},{\"@type\":\"ImageObject\",\"inLanguage\":\"fr-FR\",\"@id\":\"https:\/\/www.medoucine.com\/blog\/comment-accueillir-le-printemps-avec-nos-cinq-sens\/#primaryimage\",\"url\":\"https:\/\/www.medoucine.com\/blog\/wp-content\/uploads\/2019\/07\/bloom-blossom-children-36745.jpg\",\"contentUrl\":\"https:\/\/www.medoucine.com\/blog\/wp-content\/uploads\/2019\/07\/bloom-blossom-children-36745.jpg\",\"width\":1280,\"height\":853,\"caption\":\"Comment apprendre \u00e0 se recentrer et accueillir le printemps avec nos cinq sens ?\"},{\"@type\":\"BreadcrumbList\",\"@id\":\"https:\/\/www.medoucine.com\/blog\/comment-accueillir-le-printemps-avec-nos-cinq-sens\/#breadcrumb\",\"itemListElement\":[{\"@type\":\"ListItem\",\"position\":1,\"name\":\"Blog Medoucine\",\"item\":\"https:\/\/www.medoucine.com\/blog\/\"},{\"@type\":\"ListItem\",\"position\":2,\"name\":\"Beaut\u00e9 &amp; Bien-\u00eatre\",\"item\":\"https:\/\/www.medoucine.com\/blog\/cat\/beaute-bien-etre\/\"},{\"@type\":\"ListItem\",\"position\":3,\"name\":\"Bien-\u00eatre\",\"item\":\"https:\/\/www.medoucine.com\/blog\/cat\/beaute-bien-etre\/bien-etre\/\"},{\"@type\":\"ListItem\",\"position\":4,\"name\":\"Comment apprendre \u00e0 se recentrer et accueillir le printemps avec nos cinq sens ?\"}]},{\"@type\":\"WebSite\",\"@id\":\"https:\/\/www.medoucine.com\/blog\/#website\",\"url\":\"https:\/\/www.medoucine.com\/blog\/\",\"name\":\"Blog de Medoucine\",\"description\":\"Le blog des m\u00e9decines douces\",\"publisher\":{\"@id\":\"https:\/\/www.medoucine.com\/blog\/#organization\"},\"potentialAction\":[{\"@type\":\"SearchAction\",\"target\":{\"@type\":\"EntryPoint\",\"urlTemplate\":\"https:\/\/www.medoucine.com\/blog\/?s={search_term_string}\"},\"query-input\":{\"@type\":\"PropertyValueSpecification\",\"valueRequired\":true,\"valueName\":\"search_term_string\"}}],\"inLanguage\":\"fr-FR\"},{\"@type\":\"Organization\",\"@id\":\"https:\/\/www.medoucine.com\/blog\/#organization\",\"name\":\"Medoucine\",\"url\":\"https:\/\/www.medoucine.com\/blog\/\",\"logo\":{\"@type\":\"ImageObject\",\"inLanguage\":\"fr-FR\",\"@id\":\"https:\/\/www.medoucine.com\/blog\/#\/schema\/logo\/image\/\",\"url\":\"https:\/\/www.medoucine.com\/blog\/wp-content\/uploads\/2019\/07\/logo@3x.png\",\"contentUrl\":\"https:\/\/www.medoucine.com\/blog\/wp-content\/uploads\/2019\/07\/logo@3x.png\",\"width\":555,\"height\":135,\"caption\":\"Medoucine\"},\"image\":{\"@id\":\"https:\/\/www.medoucine.com\/blog\/#\/schema\/logo\/image\/\"},\"sameAs\":[\"https:\/\/www.facebook.com\/medoucine\/\",\"https:\/\/x.com\/medoucinefr\",\"https:\/\/www.instagram.com\/medoucine\/\",\"https:\/\/www.youtube.com\/channel\/UCtZeUeJ_KebYK0KJAXjJV8g\"]},{\"@type\":\"Person\",\"@id\":\"https:\/\/www.medoucine.com\/blog\/#\/schema\/person\/d958fee486a24acad35c4b4ea6024271\",\"name\":\"Dominique Meunier\",\"image\":{\"@type\":\"ImageObject\",\"inLanguage\":\"fr-FR\",\"@id\":\"https:\/\/www.medoucine.com\/blog\/#\/schema\/person\/image\/\",\"url\":\"https:\/\/secure.gravatar.com\/avatar\/b0ff6bc83a8caacb247866afa0622e78cdbc3703652046a0e68c854dd57861ce?s=96&d=mm&r=g\",\"contentUrl\":\"https:\/\/secure.gravatar.com\/avatar\/b0ff6bc83a8caacb247866afa0622e78cdbc3703652046a0e68c854dd57861ce?s=96&d=mm&r=g\",\"caption\":\"Dominique Meunier\"},\"description\":\"Praticienne en analyse transactionnelle, EMDR, sophrologie et massage.\",\"sameAs\":[\"https:\/\/www.medoucine.com\/consultation\/bordeaux\/dominique-meunier\/667\"],\"url\":\"https:\/\/www.medoucine.com\/blog\/author\/dominique-meunier\/\"}]}<\/script>\n<!-- \/ Yoast SEO plugin. -->","yoast_head_json":{"title":"Comment apprendre \u00e0 se recentrer et accueillir le printemps avec nos cinq sens ? ~ Blog de Medoucine","description":"Un exercice propos\u00e9 par Dominique Meunier, sophrologue recommand\u00e9e du r\u00e9seau M\u00e9doucine pour prendre quelques minutes au calme, dans la nature.","robots":{"index":"index","follow":"follow","max-snippet":"max-snippet:-1","max-image-preview":"max-image-preview:large","max-video-preview":"max-video-preview:-1"},"canonical":"https:\/\/www.medoucine.com\/blog\/comment-accueillir-le-printemps-avec-nos-cinq-sens\/","og_locale":"fr_FR","og_type":"article","og_title":"Comment apprendre \u00e0 se recentrer et accueillir le printemps avec nos cinq sens ? ~ Blog de Medoucine","og_description":"Un exercice propos\u00e9 par Dominique Meunier, sophrologue recommand\u00e9e du r\u00e9seau M\u00e9doucine pour prendre quelques minutes au calme, dans la nature.","og_url":"https:\/\/www.medoucine.com\/blog\/comment-accueillir-le-printemps-avec-nos-cinq-sens\/","og_site_name":"Blog de Medoucine","article_publisher":"https:\/\/www.facebook.com\/medoucine\/","article_published_time":"2019-07-22T22:00:00+00:00","article_modified_time":"2026-04-08T17:09:53+00:00","og_image":[{"width":1280,"height":853,"url":"https:\/\/www.medoucine.com\/blog\/wp-content\/uploads\/2019\/07\/bloom-blossom-children-36745.jpg","type":"image\/jpeg"}],"author":"Dominique Meunier","twitter_card":"summary_large_image","twitter_creator":"@medoucinefr","twitter_site":"@medoucinefr","twitter_misc":{"\u00c9crit par":"Dominique Meunier","Dur\u00e9e de lecture estim\u00e9e":"4 minutes"},"schema":{"@context":"https:\/\/schema.org","@graph":[{"@type":"Article","@id":"https:\/\/www.medoucine.com\/blog\/comment-accueillir-le-printemps-avec-nos-cinq-sens\/#article","isPartOf":{"@id":"https:\/\/www.medoucine.com\/blog\/comment-accueillir-le-printemps-avec-nos-cinq-sens\/"},"author":{"name":"Dominique Meunier","@id":"https:\/\/www.medoucine.com\/blog\/#\/schema\/person\/d958fee486a24acad35c4b4ea6024271"},"headline":"Comment apprendre \u00e0 se recentrer et accueillir le printemps avec nos cinq sens ?","datePublished":"2019-07-22T22:00:00+00:00","dateModified":"2026-04-08T17:09:53+00:00","mainEntityOfPage":{"@id":"https:\/\/www.medoucine.com\/blog\/comment-accueillir-le-printemps-avec-nos-cinq-sens\/"},"wordCount":771,"commentCount":0,"publisher":{"@id":"https:\/\/www.medoucine.com\/blog\/#organization"},"image":{"@id":"https:\/\/www.medoucine.com\/blog\/comment-accueillir-le-printemps-avec-nos-cinq-sens\/#primaryimage"},"thumbnailUrl":"https:\/\/www.medoucine.com\/blog\/wp-content\/uploads\/2019\/07\/bloom-blossom-children-36745.jpg","keywords":["printemps"],"articleSection":["Beaut\u00e9 &amp; Bien-\u00eatre","Bien-\u00eatre"],"inLanguage":"fr-FR","potentialAction":[{"@type":"CommentAction","name":"Comment","target":["https:\/\/www.medoucine.com\/blog\/comment-accueillir-le-printemps-avec-nos-cinq-sens\/#respond"]}]},{"@type":"WebPage","@id":"https:\/\/www.medoucine.com\/blog\/comment-accueillir-le-printemps-avec-nos-cinq-sens\/","url":"https:\/\/www.medoucine.com\/blog\/comment-accueillir-le-printemps-avec-nos-cinq-sens\/","name":"Comment apprendre \u00e0 se recentrer et accueillir le printemps avec nos cinq sens ? ~ Blog de Medoucine","isPartOf":{"@id":"https:\/\/www.medoucine.com\/blog\/#website"},"primaryImageOfPage":{"@id":"https:\/\/www.medoucine.com\/blog\/comment-accueillir-le-printemps-avec-nos-cinq-sens\/#primaryimage"},"image":{"@id":"https:\/\/www.medoucine.com\/blog\/comment-accueillir-le-printemps-avec-nos-cinq-sens\/#primaryimage"},"thumbnailUrl":"https:\/\/www.medoucine.com\/blog\/wp-content\/uploads\/2019\/07\/bloom-blossom-children-36745.jpg","datePublished":"2019-07-22T22:00:00+00:00","dateModified":"2026-04-08T17:09:53+00:00","description":"Un exercice propos\u00e9 par Dominique Meunier, sophrologue recommand\u00e9e du r\u00e9seau M\u00e9doucine pour prendre quelques minutes au calme, dans la nature.","breadcrumb":{"@id":"https:\/\/www.medoucine.com\/blog\/comment-accueillir-le-printemps-avec-nos-cinq-sens\/#breadcrumb"},"inLanguage":"fr-FR","potentialAction":[{"@type":"ReadAction","target":["https:\/\/www.medoucine.com\/blog\/comment-accueillir-le-printemps-avec-nos-cinq-sens\/"]}]},{"@type":"ImageObject","inLanguage":"fr-FR","@id":"https:\/\/www.medoucine.com\/blog\/comment-accueillir-le-printemps-avec-nos-cinq-sens\/#primaryimage","url":"https:\/\/www.medoucine.com\/blog\/wp-content\/uploads\/2019\/07\/bloom-blossom-children-36745.jpg","contentUrl":"https:\/\/www.medoucine.com\/blog\/wp-content\/uploads\/2019\/07\/bloom-blossom-children-36745.jpg","width":1280,"height":853,"caption":"Comment apprendre \u00e0 se recentrer et accueillir le printemps avec nos cinq sens ?"},{"@type":"BreadcrumbList","@id":"https:\/\/www.medoucine.com\/blog\/comment-accueillir-le-printemps-avec-nos-cinq-sens\/#breadcrumb","itemListElement":[{"@type":"ListItem","position":1,"name":"Blog Medoucine","item":"https:\/\/www.medoucine.com\/blog\/"},{"@type":"ListItem","position":2,"name":"Beaut\u00e9 &amp; Bien-\u00eatre","item":"https:\/\/www.medoucine.com\/blog\/cat\/beaute-bien-etre\/"},{"@type":"ListItem","position":3,"name":"Bien-\u00eatre","item":"https:\/\/www.medoucine.com\/blog\/cat\/beaute-bien-etre\/bien-etre\/"},{"@type":"ListItem","position":4,"name":"Comment apprendre \u00e0 se recentrer et accueillir le printemps avec nos cinq sens ?"}]},{"@type":"WebSite","@id":"https:\/\/www.medoucine.com\/blog\/#website","url":"https:\/\/www.medoucine.com\/blog\/","name":"Blog de Medoucine","description":"Le blog des m\u00e9decines douces","publisher":{"@id":"https:\/\/www.medoucine.com\/blog\/#organization"},"potentialAction":[{"@type":"SearchAction","target":{"@type":"EntryPoint","urlTemplate":"https:\/\/www.medoucine.com\/blog\/?s={search_term_string}"},"query-input":{"@type":"PropertyValueSpecification","valueRequired":true,"valueName":"search_term_string"}}],"inLanguage":"fr-FR"},{"@type":"Organization","@id":"https:\/\/www.medoucine.com\/blog\/#organization","name":"Medoucine","url":"https:\/\/www.medoucine.com\/blog\/","logo":{"@type":"ImageObject","inLanguage":"fr-FR","@id":"https:\/\/www.medoucine.com\/blog\/#\/schema\/logo\/image\/","url":"https:\/\/www.medoucine.com\/blog\/wp-content\/uploads\/2019\/07\/logo@3x.png","contentUrl":"https:\/\/www.medoucine.com\/blog\/wp-content\/uploads\/2019\/07\/logo@3x.png","width":555,"height":135,"caption":"Medoucine"},"image":{"@id":"https:\/\/www.medoucine.com\/blog\/#\/schema\/logo\/image\/"},"sameAs":["https:\/\/www.facebook.com\/medoucine\/","https:\/\/x.com\/medoucinefr","https:\/\/www.instagram.com\/medoucine\/","https:\/\/www.youtube.com\/channel\/UCtZeUeJ_KebYK0KJAXjJV8g"]},{"@type":"Person","@id":"https:\/\/www.medoucine.com\/blog\/#\/schema\/person\/d958fee486a24acad35c4b4ea6024271","name":"Dominique Meunier","image":{"@type":"ImageObject","inLanguage":"fr-FR","@id":"https:\/\/www.medoucine.com\/blog\/#\/schema\/person\/image\/","url":"https:\/\/secure.gravatar.com\/avatar\/b0ff6bc83a8caacb247866afa0622e78cdbc3703652046a0e68c854dd57861ce?s=96&d=mm&r=g","contentUrl":"https:\/\/secure.gravatar.com\/avatar\/b0ff6bc83a8caacb247866afa0622e78cdbc3703652046a0e68c854dd57861ce?s=96&d=mm&r=g","caption":"Dominique Meunier"},"description":"Praticienne en analyse transactionnelle, EMDR, sophrologie et massage.","sameAs":["https:\/\/www.medoucine.com\/consultation\/bordeaux\/dominique-meunier\/667"],"url":"https:\/\/www.medoucine.com\/blog\/author\/dominique-meunier\/"}]}},"_links":{"self":[{"href":"https:\/\/www.medoucine.com\/blog\/wp-json\/wp\/v2\/posts\/12136","targetHints":{"allow":["GET"]}}],"collection":[{"href":"https:\/\/www.medoucine.com\/blog\/wp-json\/wp\/v2\/posts"}],"about":[{"href":"https:\/\/www.medoucine.com\/blog\/wp-json\/wp\/v2\/types\/post"}],"author":[{"embeddable":true,"href":"https:\/\/www.medoucine.com\/blog\/wp-json\/wp\/v2\/users\/94"}],"replies":[{"embeddable":true,"href":"https:\/\/www.medoucine.com\/blog\/wp-json\/wp\/v2\/comments?post=12136"}],"version-history":[{"count":3,"href":"https:\/\/www.medoucine.com\/blog\/wp-json\/wp\/v2\/posts\/12136\/revisions"}],"predecessor-version":[{"id":43204,"href":"https:\/\/www.medoucine.com\/blog\/wp-json\/wp\/v2\/posts\/12136\/revisions\/43204"}],"wp:featuredmedia":[{"embeddable":true,"href":"https:\/\/www.medoucine.com\/blog\/wp-json\/wp\/v2\/media\/3522"}],"wp:attachment":[{"href":"https:\/\/www.medoucine.com\/blog\/wp-json\/wp\/v2\/media?parent=12136"}],"wp:term":[{"taxonomy":"category","embeddable":true,"href":"https:\/\/www.medoucine.com\/blog\/wp-json\/wp\/v2\/categories?post=12136"},{"taxonomy":"post_tag","embeddable":true,"href":"https:\/\/www.medoucine.com\/blog\/wp-json\/wp\/v2\/tags?post=12136"}],"curies":[{"name":"wp","href":"https:\/\/api.w.org\/{rel}","templated":true}]}}